{"id":557,"date":"2021-09-03T13:17:23","date_gmt":"2021-09-03T11:17:23","guid":{"rendered":"https:\/\/www.wanderbetrieb.at\/?p=557"},"modified":"2022-05-30T12:29:41","modified_gmt":"2022-05-30T10:29:41","slug":"hike-hintersee-feichtenstein-gruberalm","status":"publish","type":"post","link":"https:\/\/www.wanderbetrieb.at\/en\/wandertagebuch-fuschlseeregion\/wanderung-hintersee-feichtenstein-gruberalm\/","title":{"rendered":"Hike Hintersee - Feichtenstein - Gruberalm"},"content":{"rendered":"<div data-elementor-type=\"wp-post\" data-elementor-id=\"557\" class=\"elementor elementor-557\" data-elementor-post-type=\"post\">\n\t\t\t\t\t\t<section class=\"elementor-section elementor-top-section elementor-element elementor-element-428a231a elementor-section-full_width elementor-section-height-default elementor-section-height-default\" data-id=\"428a231a\" data-element_type=\"section\" data-e-type=\"section\">\n\t\t\t\t\t\t<div class=\"elementor-container elementor-column-gap-default\">\n\t\t\t\t\t<div class=\"elementor-column elementor-col-100 elementor-top-column elementor-element elementor-element-15e48c47\" data-id=\"15e48c47\" data-element_type=\"column\" data-e-type=\"column\">\n\t\t\t<div class=\"elementor-widget-wrap elementor-element-populated\">\n\t\t\t\t\t\t<div class=\"elementor-element elementor-element-5eb33f72 elementor-widget elementor-widget-heading\" data-id=\"5eb33f72\" data-element_type=\"widget\" data-e-type=\"widget\" data-widget_type=\"heading.default\">\n\t\t\t\t<div class=\"elementor-widget-container\">\n\t\t\t\t\t<h1 class=\"elementor-heading-title elementor-size-default\">Hike Hintersee - Feichtenstein - Gruberalm<\/h1>\t\t\t\t<\/div>\n\t\t\t\t<\/div>\n\t\t\t\t\t<\/div>\n\t\t<\/div>\n\t\t\t\t\t<\/div>\n\t\t<\/section>\n\t\t\t\t<section class=\"elementor-section elementor-top-section elementor-element elementor-element-27c05cf6 elementor-section-full_width elementor-section-height-default elementor-section-height-default\" data-id=\"27c05cf6\" data-element_type=\"section\" data-e-type=\"section\">\n\t\t\t\t\t\t<div class=\"elementor-container elementor-column-gap-default\">\n\t\t\t\t\t<div class=\"elementor-column elementor-col-66 elementor-top-column elementor-element elementor-element-566df21\" data-id=\"566df21\" data-element_type=\"column\" data-e-type=\"column\">\n\t\t\t<div class=\"elementor-widget-wrap elementor-element-populated\">\n\t\t\t\t\t\t<div class=\"elementor-element elementor-element-a21a686 elementor-widget elementor-widget-text-editor\" data-id=\"a21a686\" data-element_type=\"widget\" data-e-type=\"widget\" data-widget_type=\"text-editor.default\">\n\t\t\t\t<div class=\"elementor-widget-container\">\n\t\t\t\t\t\t\t\t\t<h3>From Hintersee via the Feichtenstein to the Gruberalm and back.<\/h3><p>The eventful hike starts at the car park in front of the municipal office in Hintersee. We first follow the Josef-Mohr-Gedenkweg and from the Satzstein the marked forest-water-magic path. This leads to the path to the Feichtensteinalm.<\/p><p>From here it is moderately steep with a few hairpin bends through the forest. Arriving at the Alm, we keep to the left and walk to the summit cross of the Feichtenstein. A fantastic view rewards the ascent. From here we go towards Gruneralmen. The innkeepers spoil their guests with hearty snacks and all sorts of home-made sweet treats. After refreshment, head back towards L\u00e4mmerbach and Hintersee to the car park.<\/p>\t\t\t\t\t\t\t\t<\/div>\n\t\t\t\t<\/div>\n\t\t\t\t\t<\/div>\n\t\t<\/div>\n\t\t\t\t<div class=\"elementor-column elementor-col-33 elementor-top-column elementor-element elementor-element-6cbb2920\" data-id=\"6cbb2920\" data-element_type=\"column\" data-e-type=\"column\">\n\t\t\t<div class=\"elementor-widget-wrap elementor-element-populated\">\n\t\t\t\t\t\t<div class=\"elementor-element elementor-element-7717ab93 elementor-widget elementor-widget-video\" data-id=\"7717ab93\" data-element_type=\"widget\" data-e-type=\"widget\" data-settings=\"{&quot;video_type&quot;:&quot;hosted&quot;,&quot;mute&quot;:&quot;yes&quot;,&quot;controls&quot;:&quot;yes&quot;}\" data-widget_type=\"video.default\">\n\t\t\t\t<div class=\"elementor-widget-container\">\n\t\t\t\t\t\t\t<div class=\"e-hosted-video elementor-wrapper elementor-open-inline\">\n\t\t\t\t\t<video class=\"elementor-video\" src=\"https:\/\/video.relive.cc\/00568018001_relive_1630737007968.mp4?x-ref=site\" controls=\"\" preload=\"metadata\" muted=\"muted\" controlslist=\"nodownload\"><\/video>\n\t\t\t\t<\/div>\n\t\t\t\t\t\t<\/div>\n\t\t\t\t<\/div>\n\t\t\t\t<section class=\"elementor-section elementor-inner-section elementor-element elementor-element-55b021d elementor-section-boxed elementor-section-height-default elementor-section-height-default\" data-id=\"55b021d\" data-element_type=\"section\" data-e-type=\"section\">\n\t\t\t\t\t\t<div class=\"elementor-container elementor-column-gap-default\">\n\t\t\t\t\t<div class=\"elementor-column elementor-col-50 elementor-inner-column elementor-element elementor-element-3c8d7fe\" data-id=\"3c8d7fe\" data-element_type=\"column\" data-e-type=\"column\">\n\t\t\t<div class=\"elementor-widget-wrap elementor-element-populated\">\n\t\t\t\t\t\t<div class=\"elementor-element elementor-element-2a40259 elementor-align-center elementor-widget__width-inherit .w-100 elementor-widget elementor-widget-button\" data-id=\"2a40259\" data-element_type=\"widget\" data-e-type=\"widget\" data-widget_type=\"button.default\">\n\t\t\t\t<div class=\"elementor-widget-container\">\n\t\t\t\t\t\t\t\t\t<div class=\"elementor-button-wrapper\">\n\t\t\t\t\t<a class=\"elementor-button elementor-button-link elementor-size-sm\" href=\"#route-hintersee-feichtenstein-gruberalm\">\n\t\t\t\t\t\t<span class=\"elementor-button-content-wrapper\">\n\t\t\t\t\t\t<span class=\"elementor-button-icon\">\n\t\t\t\t<i aria-hidden=\"true\" class=\"fas fa-map-marker-alt\"><\/i>\t\t\t<\/span>\n\t\t\t\t\t\t\t\t\t<span class=\"elementor-button-text\">Show route<\/span>\n\t\t\t\t\t<\/span>\n\t\t\t\t\t<\/a>\n\t\t\t\t<\/div>\n\t\t\t\t\t\t\t\t<\/div>\n\t\t\t\t<\/div>\n\t\t\t\t\t<\/div>\n\t\t<\/div>\n\t\t\t\t<div class=\"elementor-column elementor-col-50 elementor-inner-column elementor-element elementor-element-39c1faa\" data-id=\"39c1faa\" data-element_type=\"column\" data-e-type=\"column\">\n\t\t\t<div class=\"elementor-widget-wrap elementor-element-populated\">\n\t\t\t\t\t\t<div class=\"elementor-element elementor-element-21e51caf elementor-align-center elementor-widget__width-inherit .w-100 elementor-widget elementor-widget-button\" data-id=\"21e51caf\" data-element_type=\"widget\" data-e-type=\"widget\" id=\"btn-back\" data-widget_type=\"button.default\">\n\t\t\t\t<div class=\"elementor-widget-container\">\n\t\t\t\t\t\t\t\t\t<div class=\"elementor-button-wrapper\">\n\t\t\t\t\t<a class=\"elementor-button elementor-size-sm\" role=\"button\">\n\t\t\t\t\t\t<span class=\"elementor-button-content-wrapper\">\n\t\t\t\t\t\t<span class=\"elementor-button-icon\">\n\t\t\t\t<i aria-hidden=\"true\" class=\"fas fa-step-backward\"><\/i>\t\t\t<\/span>\n\t\t\t\t\t\t\t\t\t<span class=\"elementor-button-text\">Return<\/span>\n\t\t\t\t\t<\/span>\n\t\t\t\t\t<\/a>\n\t\t\t\t<\/div>\n\t\t\t\t\t\t\t\t<\/div>\n\t\t\t\t<\/div>\n\t\t\t\t\t<\/div>\n\t\t<\/div>\n\t\t\t\t\t<\/div>\n\t\t<\/section>\n\t\t\t\t\t<\/div>\n\t\t<\/div>\n\t\t\t\t\t<\/div>\n\t\t<\/section>\n\t\t\t\t<section class=\"elementor-section elementor-top-section elementor-element elementor-element-2cb854b0 elementor-section-full_width elementor-section-height-default elementor-section-height-default\" data-id=\"2cb854b0\" data-element_type=\"section\" data-e-type=\"section\">\n\t\t\t\t\t\t<div class=\"elementor-container elementor-column-gap-default\">\n\t\t\t\t\t<div class=\"elementor-column elementor-col-100 elementor-top-column elementor-element elementor-element-a6aa4a4\" data-id=\"a6aa4a4\" data-element_type=\"column\" data-e-type=\"column\">\n\t\t\t<div class=\"elementor-widget-wrap elementor-element-populated\">\n\t\t\t\t\t\t<div class=\"elementor-element elementor-element-3cfa7af4 gallery-spacing-custom elementor-widget elementor-widget-image-gallery\" data-id=\"3cfa7af4\" data-element_type=\"widget\" data-e-type=\"widget\" data-widget_type=\"image-gallery.default\">\n\t\t\t\t<div class=\"elementor-widget-container\">\n\t\t\t\t\t\t\t<div class=\"elementor-image-gallery\">\n\t\t\t<div id='gallery-1' class='gallery galleryid-557 gallery-columns-4 gallery-size-medium_large'><figure class='gallery-item'>\n\t\t\t<div class='gallery-icon landscape'>\n\t\t\t\t<a data-elementor-open-lightbox=\"yes\" data-elementor-lightbox-slideshow=\"3cfa7af4\" data-elementor-lightbox-title=\"Wanderung Hintersee \u2013 Feichtenstein \u2013 Gruberalm\" data-e-action-hash=\"#elementor-action%3Aaction%3Dlightbox%26settings%3DeyJpZCI6NTQ3LCJ1cmwiOiJodHRwczpcL1wvd3d3LndhbmRlcmJldHJpZWIuYXRcL3dwLWNvbnRlbnRcL3VwbG9hZHNcLzIwMjJcLzA1XC93YW5kZXJ1bmctaGludGVyc2VlLWZlaWNodGVuc3RlaW4tZ3J1YmVyYWxtLTIuanBnIiwic2xpZGVzaG93IjoiM2NmYTdhZjQifQ%3D%3D\" href='https:\/\/www.wanderbetrieb.at\/wp-content\/uploads\/2022\/05\/wanderung-hintersee-feichtenstein-gruberalm-2.jpg'><img fetchpriority=\"high\" decoding=\"async\" width=\"768\" height=\"432\" src=\"https:\/\/www.wanderbetrieb.at\/wp-content\/uploads\/2022\/05\/wanderung-hintersee-feichtenstein-gruberalm-2-768x432.jpg\" class=\"attachment-medium_large size-medium_large\" alt=\"Hike Hintersee - Feichtenstein - Gruberalm\" srcset=\"https:\/\/www.wanderbetrieb.at\/wp-content\/uploads\/2022\/05\/wanderung-hintersee-feichtenstein-gruberalm-2-768x432.jpg 768w, https:\/\/www.wanderbetrieb.at\/wp-content\/uploads\/2022\/05\/wanderung-hintersee-feichtenstein-gruberalm-2-600x338.jpg 600w, https:\/\/www.wanderbetrieb.at\/wp-content\/uploads\/2022\/05\/wanderung-hintersee-feichtenstein-gruberalm-2-300x169.jpg 300w, https:\/\/www.wanderbetrieb.at\/wp-content\/uploads\/2022\/05\/wanderung-hintersee-feichtenstein-gruberalm-2-1024x576.jpg 1024w, https:\/\/www.wanderbetrieb.at\/wp-content\/uploads\/2022\/05\/wanderung-hintersee-feichtenstein-gruberalm-2-1536x864.jpg 1536w, https:\/\/www.wanderbetrieb.at\/wp-content\/uploads\/2022\/05\/wanderung-hintersee-feichtenstein-gruberalm-2.jpg 1920w\" sizes=\"(max-width: 768px) 100vw, 768px\" \/><\/a>\n\t\t\t<\/div><\/figure><figure class='gallery-item'>\n\t\t\t<div class='gallery-icon landscape'>\n\t\t\t\t<a data-elementor-open-lightbox=\"yes\" data-elementor-lightbox-slideshow=\"3cfa7af4\" data-elementor-lightbox-title=\"Wanderung Hintersee \u2013 Feichtenstein \u2013 Gruberalm\" data-e-action-hash=\"#elementor-action%3Aaction%3Dlightbox%26settings%3DeyJpZCI6NTQ4LCJ1cmwiOiJodHRwczpcL1wvd3d3LndhbmRlcmJldHJpZWIuYXRcL3dwLWNvbnRlbnRcL3VwbG9hZHNcLzIwMjJcLzA1XC93YW5kZXJ1bmctaGludGVyc2VlLWZlaWNodGVuc3RlaW4tZ3J1YmVyYWxtLTEuanBnIiwic2xpZGVzaG93IjoiM2NmYTdhZjQifQ%3D%3D\" href='https:\/\/www.wanderbetrieb.at\/wp-content\/uploads\/2022\/05\/wanderung-hintersee-feichtenstein-gruberalm-1.jpg'><img decoding=\"async\" width=\"768\" height=\"432\" src=\"https:\/\/www.wanderbetrieb.at\/wp-content\/uploads\/2022\/05\/wanderung-hintersee-feichtenstein-gruberalm-1-768x432.jpg\" class=\"attachment-medium_large size-medium_large\" alt=\"Hike Hintersee - Feichtenstein - Gruberalm\" srcset=\"https:\/\/www.wanderbetrieb.at\/wp-content\/uploads\/2022\/05\/wanderung-hintersee-feichtenstein-gruberalm-1-768x432.jpg 768w, https:\/\/www.wanderbetrieb.at\/wp-content\/uploads\/2022\/05\/wanderung-hintersee-feichtenstein-gruberalm-1-600x338.jpg 600w, https:\/\/www.wanderbetrieb.at\/wp-content\/uploads\/2022\/05\/wanderung-hintersee-feichtenstein-gruberalm-1-300x169.jpg 300w, https:\/\/www.wanderbetrieb.at\/wp-content\/uploads\/2022\/05\/wanderung-hintersee-feichtenstein-gruberalm-1-1024x576.jpg 1024w, https:\/\/www.wanderbetrieb.at\/wp-content\/uploads\/2022\/05\/wanderung-hintersee-feichtenstein-gruberalm-1-1536x864.jpg 1536w, https:\/\/www.wanderbetrieb.at\/wp-content\/uploads\/2022\/05\/wanderung-hintersee-feichtenstein-gruberalm-1.jpg 1920w\" sizes=\"(max-width: 768px) 100vw, 768px\" \/><\/a>\n\t\t\t<\/div><\/figure><figure class='gallery-item'>\n\t\t\t<div class='gallery-icon landscape'>\n\t\t\t\t<a data-elementor-open-lightbox=\"yes\" data-elementor-lightbox-slideshow=\"3cfa7af4\" data-elementor-lightbox-title=\"Wanderung Hintersee \u2013 Feichtenstein \u2013 Gruberalm\" data-e-action-hash=\"#elementor-action%3Aaction%3Dlightbox%26settings%3DeyJpZCI6NTQzLCJ1cmwiOiJodHRwczpcL1wvd3d3LndhbmRlcmJldHJpZWIuYXRcL3dwLWNvbnRlbnRcL3VwbG9hZHNcLzIwMjJcLzA1XC93YW5kZXJ1bmctaGludGVyc2VlLWZlaWNodGVuc3RlaW4tZ3J1YmVyYWxtLTYuanBnIiwic2xpZGVzaG93IjoiM2NmYTdhZjQifQ%3D%3D\" href='https:\/\/www.wanderbetrieb.at\/wp-content\/uploads\/2022\/05\/wanderung-hintersee-feichtenstein-gruberalm-6.jpg'><img decoding=\"async\" width=\"768\" height=\"432\" src=\"https:\/\/www.wanderbetrieb.at\/wp-content\/uploads\/2022\/05\/wanderung-hintersee-feichtenstein-gruberalm-6-768x432.jpg\" class=\"attachment-medium_large size-medium_large\" alt=\"Hike Hintersee - Feichtenstein - Gruberalm\" srcset=\"https:\/\/www.wanderbetrieb.at\/wp-content\/uploads\/2022\/05\/wanderung-hintersee-feichtenstein-gruberalm-6-768x432.jpg 768w, https:\/\/www.wanderbetrieb.at\/wp-content\/uploads\/2022\/05\/wanderung-hintersee-feichtenstein-gruberalm-6-600x338.jpg 600w, https:\/\/www.wanderbetrieb.at\/wp-content\/uploads\/2022\/05\/wanderung-hintersee-feichtenstein-gruberalm-6-300x169.jpg 300w, https:\/\/www.wanderbetrieb.at\/wp-content\/uploads\/2022\/05\/wanderung-hintersee-feichtenstein-gruberalm-6-1024x576.jpg 1024w, https:\/\/www.wanderbetrieb.at\/wp-content\/uploads\/2022\/05\/wanderung-hintersee-feichtenstein-gruberalm-6-1536x864.jpg 1536w, https:\/\/www.wanderbetrieb.at\/wp-content\/uploads\/2022\/05\/wanderung-hintersee-feichtenstein-gruberalm-6.jpg 1920w\" sizes=\"(max-width: 768px) 100vw, 768px\" \/><\/a>\n\t\t\t<\/div><\/figure><figure class='gallery-item'>\n\t\t\t<div class='gallery-icon landscape'>\n\t\t\t\t<a data-elementor-open-lightbox=\"yes\" data-elementor-lightbox-slideshow=\"3cfa7af4\" data-elementor-lightbox-title=\"Wanderung Hintersee \u2013 Feichtenstein \u2013 Gruberalm\" data-e-action-hash=\"#elementor-action%3Aaction%3Dlightbox%26settings%3DeyJpZCI6NTQ2LCJ1cmwiOiJodHRwczpcL1wvd3d3LndhbmRlcmJldHJpZWIuYXRcL3dwLWNvbnRlbnRcL3VwbG9hZHNcLzIwMjJcLzA1XC93YW5kZXJ1bmctaGludGVyc2VlLWZlaWNodGVuc3RlaW4tZ3J1YmVyYWxtLTMuanBnIiwic2xpZGVzaG93IjoiM2NmYTdhZjQifQ%3D%3D\" href='https:\/\/www.wanderbetrieb.at\/wp-content\/uploads\/2022\/05\/wanderung-hintersee-feichtenstein-gruberalm-3.jpg'><img loading=\"lazy\" decoding=\"async\" width=\"768\" height=\"432\" src=\"https:\/\/www.wanderbetrieb.at\/wp-content\/uploads\/2022\/05\/wanderung-hintersee-feichtenstein-gruberalm-3-768x432.jpg\" class=\"attachment-medium_large size-medium_large\" alt=\"Hike Hintersee - Feichtenstein - Gruberalm\" srcset=\"https:\/\/www.wanderbetrieb.at\/wp-content\/uploads\/2022\/05\/wanderung-hintersee-feichtenstein-gruberalm-3-768x432.jpg 768w, https:\/\/www.wanderbetrieb.at\/wp-content\/uploads\/2022\/05\/wanderung-hintersee-feichtenstein-gruberalm-3-600x338.jpg 600w, https:\/\/www.wanderbetrieb.at\/wp-content\/uploads\/2022\/05\/wanderung-hintersee-feichtenstein-gruberalm-3-300x169.jpg 300w, https:\/\/www.wanderbetrieb.at\/wp-content\/uploads\/2022\/05\/wanderung-hintersee-feichtenstein-gruberalm-3-1024x576.jpg 1024w, https:\/\/www.wanderbetrieb.at\/wp-content\/uploads\/2022\/05\/wanderung-hintersee-feichtenstein-gruberalm-3-1536x864.jpg 1536w, https:\/\/www.wanderbetrieb.at\/wp-content\/uploads\/2022\/05\/wanderung-hintersee-feichtenstein-gruberalm-3.jpg 1920w\" sizes=\"(max-width: 768px) 100vw, 768px\" \/><\/a>\n\t\t\t<\/div><\/figure><figure class='gallery-item'>\n\t\t\t<div class='gallery-icon landscape'>\n\t\t\t\t<a data-elementor-open-lightbox=\"yes\" data-elementor-lightbox-slideshow=\"3cfa7af4\" data-elementor-lightbox-title=\"Wanderung Hintersee \u2013 Feichtenstein \u2013 Gruberalm\" data-e-action-hash=\"#elementor-action%3Aaction%3Dlightbox%26settings%3DeyJpZCI6NTQ1LCJ1cmwiOiJodHRwczpcL1wvd3d3LndhbmRlcmJldHJpZWIuYXRcL3dwLWNvbnRlbnRcL3VwbG9hZHNcLzIwMjJcLzA1XC93YW5kZXJ1bmctaGludGVyc2VlLWZlaWNodGVuc3RlaW4tZ3J1YmVyYWxtLTQuanBnIiwic2xpZGVzaG93IjoiM2NmYTdhZjQifQ%3D%3D\" href='https:\/\/www.wanderbetrieb.at\/wp-content\/uploads\/2022\/05\/wanderung-hintersee-feichtenstein-gruberalm-4.jpg'><img loading=\"lazy\" decoding=\"async\" width=\"768\" height=\"432\" src=\"https:\/\/www.wanderbetrieb.at\/wp-content\/uploads\/2022\/05\/wanderung-hintersee-feichtenstein-gruberalm-4-768x432.jpg\" class=\"attachment-medium_large size-medium_large\" alt=\"Hike Hintersee - Feichtenstein - Gruberalm\" srcset=\"https:\/\/www.wanderbetrieb.at\/wp-content\/uploads\/2022\/05\/wanderung-hintersee-feichtenstein-gruberalm-4-768x432.jpg 768w, https:\/\/www.wanderbetrieb.at\/wp-content\/uploads\/2022\/05\/wanderung-hintersee-feichtenstein-gruberalm-4-600x338.jpg 600w, https:\/\/www.wanderbetrieb.at\/wp-content\/uploads\/2022\/05\/wanderung-hintersee-feichtenstein-gruberalm-4-300x169.jpg 300w, https:\/\/www.wanderbetrieb.at\/wp-content\/uploads\/2022\/05\/wanderung-hintersee-feichtenstein-gruberalm-4-1024x576.jpg 1024w, https:\/\/www.wanderbetrieb.at\/wp-content\/uploads\/2022\/05\/wanderung-hintersee-feichtenstein-gruberalm-4-1536x864.jpg 1536w, https:\/\/www.wanderbetrieb.at\/wp-content\/uploads\/2022\/05\/wanderung-hintersee-feichtenstein-gruberalm-4.jpg 1920w\" sizes=\"(max-width: 768px) 100vw, 768px\" \/><\/a>\n\t\t\t<\/div><\/figure><figure class='gallery-item'>\n\t\t\t<div class='gallery-icon landscape'>\n\t\t\t\t<a data-elementor-open-lightbox=\"yes\" data-elementor-lightbox-slideshow=\"3cfa7af4\" data-elementor-lightbox-title=\"Wanderung Hintersee \u2013 Feichtenstein \u2013 Gruberalm\" data-e-action-hash=\"#elementor-action%3Aaction%3Dlightbox%26settings%3DeyJpZCI6NTQ0LCJ1cmwiOiJodHRwczpcL1wvd3d3LndhbmRlcmJldHJpZWIuYXRcL3dwLWNvbnRlbnRcL3VwbG9hZHNcLzIwMjJcLzA1XC93YW5kZXJ1bmctaGludGVyc2VlLWZlaWNodGVuc3RlaW4tZ3J1YmVyYWxtLTUuanBnIiwic2xpZGVzaG93IjoiM2NmYTdhZjQifQ%3D%3D\" href='https:\/\/www.wanderbetrieb.at\/wp-content\/uploads\/2022\/05\/wanderung-hintersee-feichtenstein-gruberalm-5.jpg'><img loading=\"lazy\" decoding=\"async\" width=\"768\" height=\"432\" src=\"https:\/\/www.wanderbetrieb.at\/wp-content\/uploads\/2022\/05\/wanderung-hintersee-feichtenstein-gruberalm-5-768x432.jpg\" class=\"attachment-medium_large size-medium_large\" alt=\"Hike Hintersee - Feichtenstein - Gruberalm\" srcset=\"https:\/\/www.wanderbetrieb.at\/wp-content\/uploads\/2022\/05\/wanderung-hintersee-feichtenstein-gruberalm-5-768x432.jpg 768w, https:\/\/www.wanderbetrieb.at\/wp-content\/uploads\/2022\/05\/wanderung-hintersee-feichtenstein-gruberalm-5-600x338.jpg 600w, https:\/\/www.wanderbetrieb.at\/wp-content\/uploads\/2022\/05\/wanderung-hintersee-feichtenstein-gruberalm-5-300x169.jpg 300w, https:\/\/www.wanderbetrieb.at\/wp-content\/uploads\/2022\/05\/wanderung-hintersee-feichtenstein-gruberalm-5-1024x576.jpg 1024w, https:\/\/www.wanderbetrieb.at\/wp-content\/uploads\/2022\/05\/wanderung-hintersee-feichtenstein-gruberalm-5-1536x864.jpg 1536w, https:\/\/www.wanderbetrieb.at\/wp-content\/uploads\/2022\/05\/wanderung-hintersee-feichtenstein-gruberalm-5.jpg 1920w\" sizes=\"(max-width: 768px) 100vw, 768px\" \/><\/a>\n\t\t\t<\/div><\/figure><figure class='gallery-item'>\n\t\t\t<div class='gallery-icon landscape'>\n\t\t\t\t<a data-elementor-open-lightbox=\"yes\" data-elementor-lightbox-slideshow=\"3cfa7af4\" data-elementor-lightbox-title=\"Wanderung Hintersee \u2013 Feichtenstein \u2013 Gruberalm\" data-e-action-hash=\"#elementor-action%3Aaction%3Dlightbox%26settings%3DeyJpZCI6NTQyLCJ1cmwiOiJodHRwczpcL1wvd3d3LndhbmRlcmJldHJpZWIuYXRcL3dwLWNvbnRlbnRcL3VwbG9hZHNcLzIwMjJcLzA1XC93YW5kZXJ1bmctaGludGVyc2VlLWZlaWNodGVuc3RlaW4tZ3J1YmVyYWxtLTcuanBnIiwic2xpZGVzaG93IjoiM2NmYTdhZjQifQ%3D%3D\" href='https:\/\/www.wanderbetrieb.at\/wp-content\/uploads\/2022\/05\/wanderung-hintersee-feichtenstein-gruberalm-7.jpg'><img loading=\"lazy\" decoding=\"async\" width=\"768\" height=\"432\" src=\"https:\/\/www.wanderbetrieb.at\/wp-content\/uploads\/2022\/05\/wanderung-hintersee-feichtenstein-gruberalm-7-768x432.jpg\" class=\"attachment-medium_large size-medium_large\" alt=\"Hike Hintersee - Feichtenstein - Gruberalm\" srcset=\"https:\/\/www.wanderbetrieb.at\/wp-content\/uploads\/2022\/05\/wanderung-hintersee-feichtenstein-gruberalm-7-768x432.jpg 768w, https:\/\/www.wanderbetrieb.at\/wp-content\/uploads\/2022\/05\/wanderung-hintersee-feichtenstein-gruberalm-7-600x338.jpg 600w, https:\/\/www.wanderbetrieb.at\/wp-content\/uploads\/2022\/05\/wanderung-hintersee-feichtenstein-gruberalm-7-300x169.jpg 300w, https:\/\/www.wanderbetrieb.at\/wp-content\/uploads\/2022\/05\/wanderung-hintersee-feichtenstein-gruberalm-7-1024x576.jpg 1024w, https:\/\/www.wanderbetrieb.at\/wp-content\/uploads\/2022\/05\/wanderung-hintersee-feichtenstein-gruberalm-7-1536x864.jpg 1536w, https:\/\/www.wanderbetrieb.at\/wp-content\/uploads\/2022\/05\/wanderung-hintersee-feichtenstein-gruberalm-7.jpg 1920w\" sizes=\"(max-width: 768px) 100vw, 768px\" \/><\/a>\n\t\t\t<\/div><\/figure><figure class='gallery-item'>\n\t\t\t<div class='gallery-icon landscape'>\n\t\t\t\t<a data-elementor-open-lightbox=\"yes\" data-elementor-lightbox-slideshow=\"3cfa7af4\" data-elementor-lightbox-title=\"Wanderung Hintersee \u2013 Feichtenstein \u2013 Gruberalm\" data-e-action-hash=\"#elementor-action%3Aaction%3Dlightbox%26settings%3DeyJpZCI6NTQxLCJ1cmwiOiJodHRwczpcL1wvd3d3LndhbmRlcmJldHJpZWIuYXRcL3dwLWNvbnRlbnRcL3VwbG9hZHNcLzIwMjJcLzA1XC93YW5kZXJ1bmctaGludGVyc2VlLWZlaWNodGVuc3RlaW4tZ3J1YmVyYWxtLTguanBnIiwic2xpZGVzaG93IjoiM2NmYTdhZjQifQ%3D%3D\" href='https:\/\/www.wanderbetrieb.at\/wp-content\/uploads\/2022\/05\/wanderung-hintersee-feichtenstein-gruberalm-8.jpg'><img loading=\"lazy\" decoding=\"async\" width=\"768\" height=\"432\" src=\"https:\/\/www.wanderbetrieb.at\/wp-content\/uploads\/2022\/05\/wanderung-hintersee-feichtenstein-gruberalm-8-768x432.jpg\" class=\"attachment-medium_large size-medium_large\" alt=\"Hike Hintersee - Feichtenstein - Gruberalm\" srcset=\"https:\/\/www.wanderbetrieb.at\/wp-content\/uploads\/2022\/05\/wanderung-hintersee-feichtenstein-gruberalm-8-768x432.jpg 768w, https:\/\/www.wanderbetrieb.at\/wp-content\/uploads\/2022\/05\/wanderung-hintersee-feichtenstein-gruberalm-8-600x338.jpg 600w, https:\/\/www.wanderbetrieb.at\/wp-content\/uploads\/2022\/05\/wanderung-hintersee-feichtenstein-gruberalm-8-300x169.jpg 300w, https:\/\/www.wanderbetrieb.at\/wp-content\/uploads\/2022\/05\/wanderung-hintersee-feichtenstein-gruberalm-8-1024x576.jpg 1024w, https:\/\/www.wanderbetrieb.at\/wp-content\/uploads\/2022\/05\/wanderung-hintersee-feichtenstein-gruberalm-8-1536x864.jpg 1536w, https:\/\/www.wanderbetrieb.at\/wp-content\/uploads\/2022\/05\/wanderung-hintersee-feichtenstein-gruberalm-8.jpg 1920w\" sizes=\"(max-width: 768px) 100vw, 768px\" \/><\/a>\n\t\t\t<\/div><\/figure><figure class='gallery-item'>\n\t\t\t<div class='gallery-icon landscape'>\n\t\t\t\t<a data-elementor-open-lightbox=\"yes\" data-elementor-lightbox-slideshow=\"3cfa7af4\" data-elementor-lightbox-title=\"Wanderung Hintersee \u2013 Feichtenstein \u2013 Gruberalm\" data-e-action-hash=\"#elementor-action%3Aaction%3Dlightbox%26settings%3DeyJpZCI6NTQwLCJ1cmwiOiJodHRwczpcL1wvd3d3LndhbmRlcmJldHJpZWIuYXRcL3dwLWNvbnRlbnRcL3VwbG9hZHNcLzIwMjJcLzA1XC93YW5kZXJ1bmctaGludGVyc2VlLWZlaWNodGVuc3RlaW4tZ3J1YmVyYWxtLTkuanBnIiwic2xpZGVzaG93IjoiM2NmYTdhZjQifQ%3D%3D\" href='https:\/\/www.wanderbetrieb.at\/wp-content\/uploads\/2022\/05\/wanderung-hintersee-feichtenstein-gruberalm-9.jpg'><img loading=\"lazy\" decoding=\"async\" width=\"768\" height=\"432\" src=\"https:\/\/www.wanderbetrieb.at\/wp-content\/uploads\/2022\/05\/wanderung-hintersee-feichtenstein-gruberalm-9-768x432.jpg\" class=\"attachment-medium_large size-medium_large\" alt=\"Hike Hintersee - Feichtenstein - Gruberalm\" srcset=\"https:\/\/www.wanderbetrieb.at\/wp-content\/uploads\/2022\/05\/wanderung-hintersee-feichtenstein-gruberalm-9-768x432.jpg 768w, https:\/\/www.wanderbetrieb.at\/wp-content\/uploads\/2022\/05\/wanderung-hintersee-feichtenstein-gruberalm-9-600x338.jpg 600w, https:\/\/www.wanderbetrieb.at\/wp-content\/uploads\/2022\/05\/wanderung-hintersee-feichtenstein-gruberalm-9-300x169.jpg 300w, https:\/\/www.wanderbetrieb.at\/wp-content\/uploads\/2022\/05\/wanderung-hintersee-feichtenstein-gruberalm-9-1024x576.jpg 1024w, https:\/\/www.wanderbetrieb.at\/wp-content\/uploads\/2022\/05\/wanderung-hintersee-feichtenstein-gruberalm-9-1536x864.jpg 1536w, https:\/\/www.wanderbetrieb.at\/wp-content\/uploads\/2022\/05\/wanderung-hintersee-feichtenstein-gruberalm-9.jpg 1920w\" sizes=\"(max-width: 768px) 100vw, 768px\" \/><\/a>\n\t\t\t<\/div><\/figure>\n\t\t<\/div>\n\t\t<\/div>\n\t\t\t\t\t\t<\/div>\n\t\t\t\t<\/div>\n\t\t\t\t\t<\/div>\n\t\t<\/div>\n\t\t\t\t\t<\/div>\n\t\t<\/section>\n\t\t\t\t<\/div>\n\t\t<div id=\"masterqrPost\" style=\"text-align:left\"><\/div><div class =\"mqrbtnalign\" style=\"    display: flex;justify-content:left\"><div style=\"width:254px;display:flex;align-items: center;justify-content: center;font-size: small\"><a id=\"downloadbuton2\" download=\"Wanderung Hintersee &#8211; Feichtenstein &#8211; Gruberalm.png\" class=\"btn_fromt_canvas\" style=\"color:#fff;background:#16601a;\">Download QR\n                <\/a><a id=\"printButtoncont\" style=\"margin-left:10px;color:#fff;background:#e53463\";>Print QR<\/a>\n                <div><\/div><script>function masterqrCurrentPAge(){new QRCode(document.getElementById(\"masterqrPost\"),{text: \"https:\/\/www.wanderbetrieb.at\/en\/wp-json\/wp\/v2\/posts\/557\", width: 254, height: 254, colorDark: \"#000000\", colorLight:\"#fff\", PI: \"#000000\", PO: \"#000000\", AI: \"#000000\", AO: \"#000000\", PI_TL: \"#000000\", PO_TL: \"#000000\", logo: \"\", logoWidth: 55, logoHeight: 55, logoBackgroundTransparent: true, backgroundImage: \"\", dotScale: \"0.6\", timing: \"#000000\", timing_V: \"#000000\", backgroundImageAlpha: \"0.3\",});}masterqrCurrentPAge(); <\/script>","protected":false},"excerpt":{"rendered":"<p>Von Hintersee \u00fcber den Feichtenstein zur Gruberalm und retour. Die erlebnisreiche Wanderung startet beim Parkplatz vor dem Gemeindeamt in Hintersee. Wir folgen zuerst dem Josef-Mohr-Gedenkweg und ab dem Satzstein dem markierten Wald-Wasser-Zauberweg. Dieser m\u00fcndet in den Weg auf die Feichtensteinalm. Von hier an geht es m\u00e4\u00dfig steil mit einigen Kehren durch den Wald. Auf der [&hellip;]<\/p>\n","protected":false},"author":1,"featured_media":543,"comment_status":"open","ping_status":"open","sticky":false,"template":"elementor_header_footer","format":"standard","meta":{"site-sidebar-layout":"default","site-content-layout":"default","ast-site-content-layout":"default","site-content-style":"default","site-sidebar-style":"default","ast-global-header-display":"","ast-banner-title-visibility":"","ast-main-header-display":"","ast-hfb-above-header-display":"","ast-hfb-below-header-display":"","ast-hfb-mobile-header-display":"","site-post-title":"","ast-breadcrumbs-content":"","ast-featured-img":"","footer-sml-layout":"","ast-disable-related-posts":"","theme-transparent-header-meta":"default","adv-header-id-meta":"","stick-header-meta":"","header-above-stick-meta":"","header-main-stick-meta":"","header-below-stick-meta":"","astra-migrate-meta-layouts":"default","ast-page-background-enabled":"default","ast-page-background-meta":{"desktop":{"background-color":"var(--ast-global-color-4)","background-image":"","background-repeat":"repeat","background-position":"center center","background-size":"auto","background-attachment":"scroll","background-type":"","background-media":"","overlay-type":"","overlay-color":"","overlay-opacity":"","overlay-gradient":""},"tablet":{"background-color":"","background-image":"","background-repeat":"repeat","background-position":"center center","background-size":"auto","background-attachment":"scroll","background-type":"","background-media":"","overlay-type":"","overlay-color":"","overlay-opacity":"","overlay-gradient":""},"mobile":{"background-color":"","background-image":"","background-repeat":"repeat","background-position":"center center","background-size":"auto","background-attachment":"scroll","background-type":"","background-media":"","overlay-type":"","overlay-color":"","overlay-opacity":"","overlay-gradient":""}},"ast-content-background-meta":{"desktop":{"background-color":"var(--ast-global-color-5)","background-image":"","background-repeat":"repeat","background-position":"center center","background-size":"auto","background-attachment":"scroll","background-type":"","background-media":"","overlay-type":"","overlay-color":"","overlay-opacity":"","overlay-gradient":""},"tablet":{"background-color":"var(--ast-global-color-5)","background-image":"","background-repeat":"repeat","background-position":"center center","background-size":"auto","background-attachment":"scroll","background-type":"","background-media":"","overlay-type":"","overlay-color":"","overlay-opacity":"","overlay-gradient":""},"mobile":{"background-color":"var(--ast-global-color-5)","background-image":"","background-repeat":"repeat","background-position":"center center","background-size":"auto","background-attachment":"scroll","background-type":"","background-media":"","overlay-type":"","overlay-color":"","overlay-opacity":"","overlay-gradient":""}},"footnotes":""},"categories":[7],"tags":[],"class_list":["post-557","post","type-post","status-publish","format-standard","has-post-thumbnail","hentry","category-wandertagebuch-fuschlseeregion"],"yoast_head":"<!-- This site is optimized with the Yoast SEO plugin v27.4 - https:\/\/yoast.com\/product\/yoast-seo-wordpress\/ -->\n<title>Wanderung Hintersee - Feichtenstein - Gruberalm - Wanderbetrieb<\/title>\n<meta name=\"description\" content=\"Wanderung Hintersee - Feichtenstein - Gruberalm Die erlebnisreiche Wanderung startet beim Parkplatz vor dem Gemeindeamt in Hintersee.\" \/>\n<meta name=\"robots\" content=\"index, follow, max-snippet:-1, max-image-preview:large, max-video-preview:-1\" \/>\n<link rel=\"canonical\" href=\"https:\/\/www.wanderbetrieb.at\/en\/hiking-diary-fuschlseeregion\/hike-hintersee-feichtenstein-gruberalm\/\" \/>\n<meta property=\"og:locale\" content=\"en_GB\" \/>\n<meta property=\"og:type\" content=\"article\" \/>\n<meta property=\"og:title\" content=\"Wanderung Hintersee - Feichtenstein - Gruberalm - Wanderbetrieb Fuschlseeregion\" \/>\n<meta property=\"og:description\" content=\"Von Hintersee \u00fcber den Feichtenstein zur Gruberalm und retour. Die erlebnisreiche Wanderung startet beim Parkplatz vor dem Gemeindeamt in Hintersee.\" \/>\n<meta property=\"og:url\" content=\"https:\/\/www.wanderbetrieb.at\/en\/hiking-diary-fuschlseeregion\/hike-hintersee-feichtenstein-gruberalm\/\" \/>\n<meta property=\"og:site_name\" content=\"Wanderbetrieb Fuschlseeregion\" \/>\n<meta property=\"article:published_time\" content=\"2021-09-03T11:17:23+00:00\" \/>\n<meta property=\"article:modified_time\" content=\"2022-05-30T10:29:41+00:00\" \/>\n<meta property=\"og:image\" content=\"https:\/\/www.wanderbetrieb.at\/wp-content\/uploads\/2022\/05\/wanderung-hintersee-feichtenstein-gruberalm-4.jpg\" \/>\n\t<meta property=\"og:image:width\" content=\"1920\" \/>\n\t<meta property=\"og:image:height\" content=\"1080\" \/>\n\t<meta property=\"og:image:type\" content=\"image\/jpeg\" \/>\n<meta name=\"author\" content=\"Wanderbetrieb\" \/>\n<meta name=\"twitter:card\" content=\"summary_large_image\" \/>\n<meta name=\"twitter:label1\" content=\"Written by\" \/>\n\t<meta name=\"twitter:data1\" content=\"Wanderbetrieb\" \/>\n\t<meta name=\"twitter:label2\" content=\"Estimated reading time\" \/>\n\t<meta name=\"twitter:data2\" content=\"3 minutes\" \/>\n<script type=\"application\/ld+json\" class=\"yoast-schema-graph\">{\"@context\":\"https:\\\/\\\/schema.org\",\"@graph\":[{\"@type\":\"Article\",\"@id\":\"https:\\\/\\\/www.wanderbetrieb.at\\\/wandertagebuch-fuschlseeregion\\\/wanderung-hintersee-feichtenstein-gruberalm\\\/#article\",\"isPartOf\":{\"@id\":\"https:\\\/\\\/www.wanderbetrieb.at\\\/wandertagebuch-fuschlseeregion\\\/wanderung-hintersee-feichtenstein-gruberalm\\\/\"},\"author\":{\"name\":\"Wanderbetrieb\",\"@id\":\"https:\\\/\\\/www.wanderbetrieb.at\\\/#\\\/schema\\\/person\\\/906dfd69b680acc005986dfe16242e62\"},\"headline\":\"Wanderung Hintersee &#8211; Feichtenstein &#8211; Gruberalm\",\"datePublished\":\"2021-09-03T11:17:23+00:00\",\"dateModified\":\"2022-05-30T10:29:41+00:00\",\"mainEntityOfPage\":{\"@id\":\"https:\\\/\\\/www.wanderbetrieb.at\\\/wandertagebuch-fuschlseeregion\\\/wanderung-hintersee-feichtenstein-gruberalm\\\/\"},\"wordCount\":136,\"commentCount\":0,\"publisher\":{\"@id\":\"https:\\\/\\\/www.wanderbetrieb.at\\\/#organization\"},\"image\":{\"@id\":\"https:\\\/\\\/www.wanderbetrieb.at\\\/wandertagebuch-fuschlseeregion\\\/wanderung-hintersee-feichtenstein-gruberalm\\\/#primaryimage\"},\"thumbnailUrl\":\"https:\\\/\\\/www.wanderbetrieb.at\\\/wp-content\\\/uploads\\\/2022\\\/05\\\/wanderung-hintersee-feichtenstein-gruberalm-6.jpg\",\"articleSection\":[\"Wandertagebuch\"],\"inLanguage\":\"en-GB\",\"potentialAction\":[{\"@type\":\"CommentAction\",\"name\":\"Comment\",\"target\":[\"https:\\\/\\\/www.wanderbetrieb.at\\\/wandertagebuch-fuschlseeregion\\\/wanderung-hintersee-feichtenstein-gruberalm\\\/#respond\"]}]},{\"@type\":\"WebPage\",\"@id\":\"https:\\\/\\\/www.wanderbetrieb.at\\\/wandertagebuch-fuschlseeregion\\\/wanderung-hintersee-feichtenstein-gruberalm\\\/\",\"url\":\"https:\\\/\\\/www.wanderbetrieb.at\\\/wandertagebuch-fuschlseeregion\\\/wanderung-hintersee-feichtenstein-gruberalm\\\/\",\"name\":\"Wanderung Hintersee - Feichtenstein - Gruberalm - Wanderbetrieb\",\"isPartOf\":{\"@id\":\"https:\\\/\\\/www.wanderbetrieb.at\\\/#website\"},\"primaryImageOfPage\":{\"@id\":\"https:\\\/\\\/www.wanderbetrieb.at\\\/wandertagebuch-fuschlseeregion\\\/wanderung-hintersee-feichtenstein-gruberalm\\\/#primaryimage\"},\"image\":{\"@id\":\"https:\\\/\\\/www.wanderbetrieb.at\\\/wandertagebuch-fuschlseeregion\\\/wanderung-hintersee-feichtenstein-gruberalm\\\/#primaryimage\"},\"thumbnailUrl\":\"https:\\\/\\\/www.wanderbetrieb.at\\\/wp-content\\\/uploads\\\/2022\\\/05\\\/wanderung-hintersee-feichtenstein-gruberalm-6.jpg\",\"datePublished\":\"2021-09-03T11:17:23+00:00\",\"dateModified\":\"2022-05-30T10:29:41+00:00\",\"description\":\"Wanderung Hintersee - Feichtenstein - Gruberalm Die erlebnisreiche Wanderung startet beim Parkplatz vor dem Gemeindeamt in Hintersee.\",\"breadcrumb\":{\"@id\":\"https:\\\/\\\/www.wanderbetrieb.at\\\/wandertagebuch-fuschlseeregion\\\/wanderung-hintersee-feichtenstein-gruberalm\\\/#breadcrumb\"},\"inLanguage\":\"en-GB\",\"potentialAction\":[{\"@type\":\"ReadAction\",\"target\":[\"https:\\\/\\\/www.wanderbetrieb.at\\\/wandertagebuch-fuschlseeregion\\\/wanderung-hintersee-feichtenstein-gruberalm\\\/\"]}]},{\"@type\":\"ImageObject\",\"inLanguage\":\"en-GB\",\"@id\":\"https:\\\/\\\/www.wanderbetrieb.at\\\/wandertagebuch-fuschlseeregion\\\/wanderung-hintersee-feichtenstein-gruberalm\\\/#primaryimage\",\"url\":\"https:\\\/\\\/www.wanderbetrieb.at\\\/wp-content\\\/uploads\\\/2022\\\/05\\\/wanderung-hintersee-feichtenstein-gruberalm-6.jpg\",\"contentUrl\":\"https:\\\/\\\/www.wanderbetrieb.at\\\/wp-content\\\/uploads\\\/2022\\\/05\\\/wanderung-hintersee-feichtenstein-gruberalm-6.jpg\",\"width\":1920,\"height\":1080,\"caption\":\"Wanderung Hintersee \u2013 Feichtenstein \u2013 Gruberalm\"},{\"@type\":\"BreadcrumbList\",\"@id\":\"https:\\\/\\\/www.wanderbetrieb.at\\\/wandertagebuch-fuschlseeregion\\\/wanderung-hintersee-feichtenstein-gruberalm\\\/#breadcrumb\",\"itemListElement\":[{\"@type\":\"ListItem\",\"position\":1,\"name\":\"Startseite\",\"item\":\"https:\\\/\\\/www.wanderbetrieb.at\\\/\"},{\"@type\":\"ListItem\",\"position\":2,\"name\":\"Wanderung Hintersee &#8211; Feichtenstein &#8211; Gruberalm\"}]},{\"@type\":\"WebSite\",\"@id\":\"https:\\\/\\\/www.wanderbetrieb.at\\\/#website\",\"url\":\"https:\\\/\\\/www.wanderbetrieb.at\\\/\",\"name\":\"Wanderbetrieb Fuschlseeregion\",\"description\":\"\",\"publisher\":{\"@id\":\"https:\\\/\\\/www.wanderbetrieb.at\\\/#organization\"},\"potentialAction\":[{\"@type\":\"SearchAction\",\"target\":{\"@type\":\"EntryPoint\",\"urlTemplate\":\"https:\\\/\\\/www.wanderbetrieb.at\\\/?s={search_term_string}\"},\"query-input\":{\"@type\":\"PropertyValueSpecification\",\"valueRequired\":true,\"valueName\":\"search_term_string\"}}],\"inLanguage\":\"en-GB\"},{\"@type\":\"Organization\",\"@id\":\"https:\\\/\\\/www.wanderbetrieb.at\\\/#organization\",\"name\":\"Pension Schierl - Wanderbetrieb in der Fuschlseeregion\",\"url\":\"https:\\\/\\\/www.wanderbetrieb.at\\\/\",\"logo\":{\"@type\":\"ImageObject\",\"inLanguage\":\"en-GB\",\"@id\":\"https:\\\/\\\/www.wanderbetrieb.at\\\/#\\\/schema\\\/logo\\\/image\\\/\",\"url\":\"https:\\\/\\\/www.wanderbetrieb.at\\\/wp-content\\\/uploads\\\/2022\\\/05\\\/wanderbetrieb-premium.png\",\"contentUrl\":\"https:\\\/\\\/www.wanderbetrieb.at\\\/wp-content\\\/uploads\\\/2022\\\/05\\\/wanderbetrieb-premium.png\",\"width\":126,\"height\":136,\"caption\":\"Pension Schierl - Wanderbetrieb in der Fuschlseeregion\"},\"image\":{\"@id\":\"https:\\\/\\\/www.wanderbetrieb.at\\\/#\\\/schema\\\/logo\\\/image\\\/\"}},{\"@type\":\"Person\",\"@id\":\"https:\\\/\\\/www.wanderbetrieb.at\\\/#\\\/schema\\\/person\\\/906dfd69b680acc005986dfe16242e62\",\"name\":\"Wanderbetrieb\",\"sameAs\":[\"https:\\\/\\\/www.wanderbetrieb.at\"]}]}<\/script>\n<!-- \/ Yoast SEO plugin. -->","yoast_head_json":{"title":"Hike Hintersee - Feichtenstein - Gruberalm - hiking operation","description":"Hike Hintersee - Feichtenstein - Gruberalm The adventurous hike starts at the car park in front of the municipal office in Hintersee.","robots":{"index":"index","follow":"follow","max-snippet":"max-snippet:-1","max-image-preview":"max-image-preview:large","max-video-preview":"max-video-preview:-1"},"canonical":"https:\/\/www.wanderbetrieb.at\/en\/hiking-diary-fuschlseeregion\/hike-hintersee-feichtenstein-gruberalm\/","og_locale":"en_GB","og_type":"article","og_title":"Wanderung Hintersee - Feichtenstein - Gruberalm - Wanderbetrieb Fuschlseeregion","og_description":"Von Hintersee \u00fcber den Feichtenstein zur Gruberalm und retour. Die erlebnisreiche Wanderung startet beim Parkplatz vor dem Gemeindeamt in Hintersee.","og_url":"https:\/\/www.wanderbetrieb.at\/en\/hiking-diary-fuschlseeregion\/hike-hintersee-feichtenstein-gruberalm\/","og_site_name":"Wanderbetrieb Fuschlseeregion","article_published_time":"2021-09-03T11:17:23+00:00","article_modified_time":"2022-05-30T10:29:41+00:00","og_image":[{"width":1920,"height":1080,"url":"https:\/\/www.wanderbetrieb.at\/wp-content\/uploads\/2022\/05\/wanderung-hintersee-feichtenstein-gruberalm-4.jpg","type":"image\/jpeg"}],"author":"Wanderbetrieb","twitter_card":"summary_large_image","twitter_misc":{"Written by":"Wanderbetrieb","Estimated reading time":"3 minutes"},"schema":{"@context":"https:\/\/schema.org","@graph":[{"@type":"Article","@id":"https:\/\/www.wanderbetrieb.at\/wandertagebuch-fuschlseeregion\/wanderung-hintersee-feichtenstein-gruberalm\/#article","isPartOf":{"@id":"https:\/\/www.wanderbetrieb.at\/wandertagebuch-fuschlseeregion\/wanderung-hintersee-feichtenstein-gruberalm\/"},"author":{"name":"Wanderbetrieb","@id":"https:\/\/www.wanderbetrieb.at\/#\/schema\/person\/906dfd69b680acc005986dfe16242e62"},"headline":"Wanderung Hintersee &#8211; Feichtenstein &#8211; Gruberalm","datePublished":"2021-09-03T11:17:23+00:00","dateModified":"2022-05-30T10:29:41+00:00","mainEntityOfPage":{"@id":"https:\/\/www.wanderbetrieb.at\/wandertagebuch-fuschlseeregion\/wanderung-hintersee-feichtenstein-gruberalm\/"},"wordCount":136,"commentCount":0,"publisher":{"@id":"https:\/\/www.wanderbetrieb.at\/#organization"},"image":{"@id":"https:\/\/www.wanderbetrieb.at\/wandertagebuch-fuschlseeregion\/wanderung-hintersee-feichtenstein-gruberalm\/#primaryimage"},"thumbnailUrl":"https:\/\/www.wanderbetrieb.at\/wp-content\/uploads\/2022\/05\/wanderung-hintersee-feichtenstein-gruberalm-6.jpg","articleSection":["Wandertagebuch"],"inLanguage":"en-GB","potentialAction":[{"@type":"CommentAction","name":"Comment","target":["https:\/\/www.wanderbetrieb.at\/wandertagebuch-fuschlseeregion\/wanderung-hintersee-feichtenstein-gruberalm\/#respond"]}]},{"@type":"WebPage","@id":"https:\/\/www.wanderbetrieb.at\/wandertagebuch-fuschlseeregion\/wanderung-hintersee-feichtenstein-gruberalm\/","url":"https:\/\/www.wanderbetrieb.at\/wandertagebuch-fuschlseeregion\/wanderung-hintersee-feichtenstein-gruberalm\/","name":"Hike Hintersee - Feichtenstein - Gruberalm - hiking operation","isPartOf":{"@id":"https:\/\/www.wanderbetrieb.at\/#website"},"primaryImageOfPage":{"@id":"https:\/\/www.wanderbetrieb.at\/wandertagebuch-fuschlseeregion\/wanderung-hintersee-feichtenstein-gruberalm\/#primaryimage"},"image":{"@id":"https:\/\/www.wanderbetrieb.at\/wandertagebuch-fuschlseeregion\/wanderung-hintersee-feichtenstein-gruberalm\/#primaryimage"},"thumbnailUrl":"https:\/\/www.wanderbetrieb.at\/wp-content\/uploads\/2022\/05\/wanderung-hintersee-feichtenstein-gruberalm-6.jpg","datePublished":"2021-09-03T11:17:23+00:00","dateModified":"2022-05-30T10:29:41+00:00","description":"Hike Hintersee - Feichtenstein - Gruberalm The adventurous hike starts at the car park in front of the municipal office in Hintersee.","breadcrumb":{"@id":"https:\/\/www.wanderbetrieb.at\/wandertagebuch-fuschlseeregion\/wanderung-hintersee-feichtenstein-gruberalm\/#breadcrumb"},"inLanguage":"en-GB","potentialAction":[{"@type":"ReadAction","target":["https:\/\/www.wanderbetrieb.at\/wandertagebuch-fuschlseeregion\/wanderung-hintersee-feichtenstein-gruberalm\/"]}]},{"@type":"ImageObject","inLanguage":"en-GB","@id":"https:\/\/www.wanderbetrieb.at\/wandertagebuch-fuschlseeregion\/wanderung-hintersee-feichtenstein-gruberalm\/#primaryimage","url":"https:\/\/www.wanderbetrieb.at\/wp-content\/uploads\/2022\/05\/wanderung-hintersee-feichtenstein-gruberalm-6.jpg","contentUrl":"https:\/\/www.wanderbetrieb.at\/wp-content\/uploads\/2022\/05\/wanderung-hintersee-feichtenstein-gruberalm-6.jpg","width":1920,"height":1080,"caption":"Wanderung Hintersee \u2013 Feichtenstein \u2013 Gruberalm"},{"@type":"BreadcrumbList","@id":"https:\/\/www.wanderbetrieb.at\/wandertagebuch-fuschlseeregion\/wanderung-hintersee-feichtenstein-gruberalm\/#breadcrumb","itemListElement":[{"@type":"ListItem","position":1,"name":"Startseite","item":"https:\/\/www.wanderbetrieb.at\/"},{"@type":"ListItem","position":2,"name":"Wanderung Hintersee &#8211; Feichtenstein &#8211; Gruberalm"}]},{"@type":"WebSite","@id":"https:\/\/www.wanderbetrieb.at\/#website","url":"https:\/\/www.wanderbetrieb.at\/","name":"Hiking in the Fuschlsee region","description":"","publisher":{"@id":"https:\/\/www.wanderbetrieb.at\/#organization"},"potentialAction":[{"@type":"SearchAction","target":{"@type":"EntryPoint","urlTemplate":"https:\/\/www.wanderbetrieb.at\/?s={search_term_string}"},"query-input":{"@type":"PropertyValueSpecification","valueRequired":true,"valueName":"search_term_string"}}],"inLanguage":"en-GB"},{"@type":"Organization","@id":"https:\/\/www.wanderbetrieb.at\/#organization","name":"Pension Schierl - hiking operation in the Fuschlsee region","url":"https:\/\/www.wanderbetrieb.at\/","logo":{"@type":"ImageObject","inLanguage":"en-GB","@id":"https:\/\/www.wanderbetrieb.at\/#\/schema\/logo\/image\/","url":"https:\/\/www.wanderbetrieb.at\/wp-content\/uploads\/2022\/05\/wanderbetrieb-premium.png","contentUrl":"https:\/\/www.wanderbetrieb.at\/wp-content\/uploads\/2022\/05\/wanderbetrieb-premium.png","width":126,"height":136,"caption":"Pension Schierl - Wanderbetrieb in der Fuschlseeregion"},"image":{"@id":"https:\/\/www.wanderbetrieb.at\/#\/schema\/logo\/image\/"}},{"@type":"Person","@id":"https:\/\/www.wanderbetrieb.at\/#\/schema\/person\/906dfd69b680acc005986dfe16242e62","name":"Hiking operation","sameAs":["https:\/\/www.wanderbetrieb.at"]}]}},"_links":{"self":[{"href":"https:\/\/www.wanderbetrieb.at\/en\/wp-json\/wp\/v2\/posts\/557","targetHints":{"allow":["GET"]}}],"collection":[{"href":"https:\/\/www.wanderbetrieb.at\/en\/wp-json\/wp\/v2\/posts"}],"about":[{"href":"https:\/\/www.wanderbetrieb.at\/en\/wp-json\/wp\/v2\/types\/post"}],"author":[{"embeddable":true,"href":"https:\/\/www.wanderbetrieb.at\/en\/wp-json\/wp\/v2\/users\/1"}],"replies":[{"embeddable":true,"href":"https:\/\/www.wanderbetrieb.at\/en\/wp-json\/wp\/v2\/comments?post=557"}],"version-history":[{"count":16,"href":"https:\/\/www.wanderbetrieb.at\/en\/wp-json\/wp\/v2\/posts\/557\/revisions"}],"predecessor-version":[{"id":2025,"href":"https:\/\/www.wanderbetrieb.at\/en\/wp-json\/wp\/v2\/posts\/557\/revisions\/2025"}],"wp:featuredmedia":[{"embeddable":true,"href":"https:\/\/www.wanderbetrieb.at\/en\/wp-json\/wp\/v2\/media\/543"}],"wp:attachment":[{"href":"https:\/\/www.wanderbetrieb.at\/en\/wp-json\/wp\/v2\/media?parent=557"}],"wp:term":[{"taxonomy":"category","embeddable":true,"href":"https:\/\/www.wanderbetrieb.at\/en\/wp-json\/wp\/v2\/categories?post=557"},{"taxonomy":"post_tag","embeddable":true,"href":"https:\/\/www.wanderbetrieb.at\/en\/wp-json\/wp\/v2\/tags?post=557"}],"curies":[{"name":"wp","href":"https:\/\/api.w.org\/{rel}","templated":true}]}}