{"id":243,"date":"2020-08-01T10:31:02","date_gmt":"2020-08-01T08:31:02","guid":{"rendered":"https:\/\/www.wanderbetrieb.at\/?p=243"},"modified":"2022-05-30T13:14:50","modified_gmt":"2022-05-30T11:14:50","slug":"loibersbacher-hoehe","status":"publish","type":"post","link":"https:\/\/www.wanderbetrieb.at\/fr\/wandertagebuch-fuschlseeregion\/loibersbacher-hoehe\/","title":{"rendered":"Randonn\u00e9e hauteur Loibersbacher"},"content":{"rendered":"<div data-elementor-type=\"wp-post\" data-elementor-id=\"243\" class=\"elementor elementor-243\" data-elementor-post-type=\"post\">\n\t\t\t\t\t\t<section class=\"elementor-section elementor-top-section elementor-element elementor-element-9ca71d9 elementor-section-full_width elementor-section-height-default elementor-section-height-default\" data-id=\"9ca71d9\" data-element_type=\"section\" data-e-type=\"section\">\n\t\t\t\t\t\t<div class=\"elementor-container elementor-column-gap-default\">\n\t\t\t\t\t<div class=\"elementor-column elementor-col-100 elementor-top-column elementor-element elementor-element-638fb2a\" data-id=\"638fb2a\" data-element_type=\"column\" data-e-type=\"column\">\n\t\t\t<div class=\"elementor-widget-wrap elementor-element-populated\">\n\t\t\t\t\t\t<div class=\"elementor-element elementor-element-bea7623 elementor-widget elementor-widget-heading\" data-id=\"bea7623\" data-element_type=\"widget\" data-e-type=\"widget\" data-widget_type=\"heading.default\">\n\t\t\t\t<div class=\"elementor-widget-container\">\n\t\t\t\t\t<h1 class=\"elementor-heading-title elementor-size-default\">Randonn\u00e9e hauteur Loibersbacher<\/h1>\t\t\t\t<\/div>\n\t\t\t\t<\/div>\n\t\t\t\t\t<\/div>\n\t\t<\/div>\n\t\t\t\t\t<\/div>\n\t\t<\/section>\n\t\t\t\t<section class=\"elementor-section elementor-top-section elementor-element elementor-element-33a27f5 elementor-section-full_width elementor-section-height-default elementor-section-height-default\" data-id=\"33a27f5\" data-element_type=\"section\" data-e-type=\"section\">\n\t\t\t\t\t\t<div class=\"elementor-container elementor-column-gap-default\">\n\t\t\t\t\t<div class=\"elementor-column elementor-col-66 elementor-top-column elementor-element elementor-element-5b306cb\" data-id=\"5b306cb\" data-element_type=\"column\" data-e-type=\"column\">\n\t\t\t<div class=\"elementor-widget-wrap elementor-element-populated\">\n\t\t\t\t\t\t<div class=\"elementor-element elementor-element-9c28d89 elementor-widget elementor-widget-text-editor\" data-id=\"9c28d89\" data-element_type=\"widget\" data-e-type=\"widget\" data-widget_type=\"text-editor.default\">\n\t\t\t\t<div class=\"elementor-widget-container\">\n\t\t\t\t\t\t\t\t\t<h3>Une merveilleuse journ\u00e9e d&#039;\u00e9t\u00e9, parfaite pour le Loibersbacher H\u00f6he<\/h3><p>On commence avec un ciel bleu \u00e9clatant et des temp\u00e9ratures encore trop fra\u00eeches pour se baigner. Mais cela changera rapidement pendant l&#039;ascension. Via le Stegernalm (celui avec les cailloux), c&#039;est beau et lent vers le Loibersbacherh\u00f6he.<\/p><p><span style=\"font-style: inherit; font-weight: inherit; color: var( --e-global-color-text ); font-family: var( --e-global-typography-text-font-family ), Sans-serif;\">La vue panoramique \u00e0 couper le souffle nous r\u00e9compense pour la sueur que nous avons perdue <\/span><img decoding=\"async\" class=\"emoji\" style=\"font-style: inherit; font-weight: inherit; color: var( --e-global-color-text ); font-family: var( --e-global-typography-text-font-family ), Sans-serif; background-color: #f5f5f5;\" role=\"img\" draggable=\"false\" src=\"https:\/\/s.w.org\/images\/core\/emoji\/13.1.0\/svg\/1f609.svg\" alt=\"\ud83d\ude09\" \/><span style=\"font-style: inherit; font-weight: inherit; color: var( --e-global-color-text ); font-family: var( --e-global-typography-text-font-family ), Sans-serif;\">.<\/span><\/p><p>Apr\u00e8s les beignets du fermier chez Barbara, nous sommes retourn\u00e9s vers la vall\u00e9e jusqu&#039;au parking.<\/p>\t\t\t\t\t\t\t\t<\/div>\n\t\t\t\t<\/div>\n\t\t\t\t\t<\/div>\n\t\t<\/div>\n\t\t\t\t<div class=\"elementor-column elementor-col-33 elementor-top-column elementor-element elementor-element-c01a215\" data-id=\"c01a215\" data-element_type=\"column\" data-e-type=\"column\">\n\t\t\t<div class=\"elementor-widget-wrap elementor-element-populated\">\n\t\t\t\t\t\t<div class=\"elementor-element elementor-element-a82cac5 elementor-widget elementor-widget-video\" data-id=\"a82cac5\" data-element_type=\"widget\" data-e-type=\"widget\" data-settings=\"{&quot;video_type&quot;:&quot;hosted&quot;,&quot;mute&quot;:&quot;yes&quot;,&quot;controls&quot;:&quot;yes&quot;}\" data-widget_type=\"video.default\">\n\t\t\t\t<div class=\"elementor-widget-container\">\n\t\t\t\t\t\t\t<div class=\"e-hosted-video elementor-wrapper elementor-open-inline\">\n\t\t\t\t\t<video class=\"elementor-video\" src=\"https:\/\/video.relive.cc\/12819752001_relive-tracker_1596347193187.mp4\" controls=\"\" preload=\"metadata\" muted=\"muted\" controlslist=\"nodownload\"><\/video>\n\t\t\t\t<\/div>\n\t\t\t\t\t\t<\/div>\n\t\t\t\t<\/div>\n\t\t\t\t<section class=\"elementor-section elementor-inner-section elementor-element elementor-element-e8aaf84 elementor-section-boxed elementor-section-height-default elementor-section-height-default\" data-id=\"e8aaf84\" data-element_type=\"section\" data-e-type=\"section\">\n\t\t\t\t\t\t<div class=\"elementor-container elementor-column-gap-default\">\n\t\t\t\t\t<div class=\"elementor-column elementor-col-50 elementor-inner-column elementor-element elementor-element-cb4c1ce\" data-id=\"cb4c1ce\" data-element_type=\"column\" data-e-type=\"column\">\n\t\t\t<div class=\"elementor-widget-wrap elementor-element-populated\">\n\t\t\t\t\t\t<div class=\"elementor-element elementor-element-bf0d423 elementor-align-center elementor-widget__width-inherit .w-100 elementor-widget elementor-widget-button\" data-id=\"bf0d423\" data-element_type=\"widget\" data-e-type=\"widget\" data-widget_type=\"button.default\">\n\t\t\t\t<div class=\"elementor-widget-container\">\n\t\t\t\t\t\t\t\t\t<div class=\"elementor-button-wrapper\">\n\t\t\t\t\t<a class=\"elementor-button elementor-button-link elementor-size-sm\" href=\"#route-loibersbacher-hoehe\">\n\t\t\t\t\t\t<span class=\"elementor-button-content-wrapper\">\n\t\t\t\t\t\t<span class=\"elementor-button-icon\">\n\t\t\t\t<i aria-hidden=\"true\" class=\"fas fa-map-marker-alt\"><\/i>\t\t\t<\/span>\n\t\t\t\t\t\t\t\t\t<span class=\"elementor-button-text\">Afficher l&#039;itin\u00e9raire<\/span>\n\t\t\t\t\t<\/span>\n\t\t\t\t\t<\/a>\n\t\t\t\t<\/div>\n\t\t\t\t\t\t\t\t<\/div>\n\t\t\t\t<\/div>\n\t\t\t\t\t<\/div>\n\t\t<\/div>\n\t\t\t\t<div class=\"elementor-column elementor-col-50 elementor-inner-column elementor-element elementor-element-215c1c0\" data-id=\"215c1c0\" data-element_type=\"column\" data-e-type=\"column\">\n\t\t\t<div class=\"elementor-widget-wrap elementor-element-populated\">\n\t\t\t\t\t\t<div class=\"elementor-element elementor-element-2e32461 elementor-align-center elementor-widget__width-inherit .w-100 elementor-widget elementor-widget-button\" data-id=\"2e32461\" data-element_type=\"widget\" data-e-type=\"widget\" id=\"btn-back\" data-widget_type=\"button.default\">\n\t\t\t\t<div class=\"elementor-widget-container\">\n\t\t\t\t\t\t\t\t\t<div class=\"elementor-button-wrapper\">\n\t\t\t\t\t<a class=\"elementor-button elementor-button-link elementor-size-sm\" href=\"#\">\n\t\t\t\t\t\t<span class=\"elementor-button-content-wrapper\">\n\t\t\t\t\t\t<span class=\"elementor-button-icon\">\n\t\t\t\t<i aria-hidden=\"true\" class=\"fas fa-step-backward\"><\/i>\t\t\t<\/span>\n\t\t\t\t\t\t\t\t\t<span class=\"elementor-button-text\">Retourner<\/span>\n\t\t\t\t\t<\/span>\n\t\t\t\t\t<\/a>\n\t\t\t\t<\/div>\n\t\t\t\t\t\t\t\t<\/div>\n\t\t\t\t<\/div>\n\t\t\t\t\t<\/div>\n\t\t<\/div>\n\t\t\t\t\t<\/div>\n\t\t<\/section>\n\t\t\t\t\t<\/div>\n\t\t<\/div>\n\t\t\t\t\t<\/div>\n\t\t<\/section>\n\t\t\t\t<section class=\"elementor-section elementor-top-section elementor-element elementor-element-841849c elementor-section-full_width elementor-section-height-default elementor-section-height-default\" data-id=\"841849c\" data-element_type=\"section\" data-e-type=\"section\">\n\t\t\t\t\t\t<div class=\"elementor-container elementor-column-gap-default\">\n\t\t\t\t\t<div class=\"elementor-column elementor-col-100 elementor-top-column elementor-element elementor-element-1e4d8ec\" data-id=\"1e4d8ec\" data-element_type=\"column\" data-e-type=\"column\">\n\t\t\t<div class=\"elementor-widget-wrap elementor-element-populated\">\n\t\t\t\t\t\t<div class=\"elementor-element elementor-element-0fc0d92 gallery-spacing-custom elementor-widget elementor-widget-image-gallery\" data-id=\"0fc0d92\" data-element_type=\"widget\" data-e-type=\"widget\" data-widget_type=\"image-gallery.default\">\n\t\t\t\t<div class=\"elementor-widget-container\">\n\t\t\t\t\t\t\t<div class=\"elementor-image-gallery\">\n\t\t\t<div id='gallery-1' class='gallery galleryid-243 gallery-columns-4 gallery-size-medium_large'><figure class='gallery-item'>\n\t\t\t<div class='gallery-icon landscape'>\n\t\t\t\t<a data-elementor-open-lightbox=\"yes\" data-elementor-lightbox-slideshow=\"0fc0d92\" data-elementor-lightbox-title=\"Wanderung Loibersbacher H\u00f6he\" data-e-action-hash=\"#elementor-action%3Aaction%3Dlightbox%26settings%3DeyJpZCI6MjYwLCJ1cmwiOiJodHRwczpcL1wvd3d3LndhbmRlcmJldHJpZWIuYXRcL3dwLWNvbnRlbnRcL3VwbG9hZHNcLzIwMjJcLzA1XC93YW5kZXJ1bmctbG9pYmVyc2JhY2hlci1ob2VoZS0xLmpwZyIsInNsaWRlc2hvdyI6IjBmYzBkOTIifQ%3D%3D\" href='https:\/\/www.wanderbetrieb.at\/wp-content\/uploads\/2022\/05\/wanderung-loibersbacher-hoehe-1.jpg'><img fetchpriority=\"high\" decoding=\"async\" width=\"768\" height=\"432\" src=\"https:\/\/www.wanderbetrieb.at\/wp-content\/uploads\/2022\/05\/wanderung-loibersbacher-hoehe-1-768x432.jpg\" class=\"attachment-medium_large size-medium_large\" alt=\"Randonn\u00e9e hauteur Loibersbacher\" srcset=\"https:\/\/www.wanderbetrieb.at\/wp-content\/uploads\/2022\/05\/wanderung-loibersbacher-hoehe-1-768x432.jpg 768w, https:\/\/www.wanderbetrieb.at\/wp-content\/uploads\/2022\/05\/wanderung-loibersbacher-hoehe-1-600x337.jpg 600w, https:\/\/www.wanderbetrieb.at\/wp-content\/uploads\/2022\/05\/wanderung-loibersbacher-hoehe-1-300x169.jpg 300w, https:\/\/www.wanderbetrieb.at\/wp-content\/uploads\/2022\/05\/wanderung-loibersbacher-hoehe-1-1024x576.jpg 1024w, https:\/\/www.wanderbetrieb.at\/wp-content\/uploads\/2022\/05\/wanderung-loibersbacher-hoehe-1-1536x864.jpg 1536w, https:\/\/www.wanderbetrieb.at\/wp-content\/uploads\/2022\/05\/wanderung-loibersbacher-hoehe-1-2048x1152.jpg 2048w\" sizes=\"(max-width: 768px) 100vw, 768px\" \/><\/a>\n\t\t\t<\/div><\/figure><figure class='gallery-item'>\n\t\t\t<div class='gallery-icon landscape'>\n\t\t\t\t<a data-elementor-open-lightbox=\"yes\" data-elementor-lightbox-slideshow=\"0fc0d92\" data-elementor-lightbox-title=\"Wanderung Loibersbacher H\u00f6he\" data-e-action-hash=\"#elementor-action%3Aaction%3Dlightbox%26settings%3DeyJpZCI6MjYxLCJ1cmwiOiJodHRwczpcL1wvd3d3LndhbmRlcmJldHJpZWIuYXRcL3dwLWNvbnRlbnRcL3VwbG9hZHNcLzIwMjJcLzA1XC93YW5kZXJ1bmctbG9pYmVyc2JhY2hlci1ob2VoZS0yLmpwZyIsInNsaWRlc2hvdyI6IjBmYzBkOTIifQ%3D%3D\" href='https:\/\/www.wanderbetrieb.at\/wp-content\/uploads\/2022\/05\/wanderung-loibersbacher-hoehe-2.jpg'><img decoding=\"async\" width=\"768\" height=\"432\" src=\"https:\/\/www.wanderbetrieb.at\/wp-content\/uploads\/2022\/05\/wanderung-loibersbacher-hoehe-2-768x432.jpg\" class=\"attachment-medium_large size-medium_large\" alt=\"Randonn\u00e9e hauteur Loibersbacher\" srcset=\"https:\/\/www.wanderbetrieb.at\/wp-content\/uploads\/2022\/05\/wanderung-loibersbacher-hoehe-2-768x432.jpg 768w, https:\/\/www.wanderbetrieb.at\/wp-content\/uploads\/2022\/05\/wanderung-loibersbacher-hoehe-2-600x337.jpg 600w, https:\/\/www.wanderbetrieb.at\/wp-content\/uploads\/2022\/05\/wanderung-loibersbacher-hoehe-2-300x169.jpg 300w, https:\/\/www.wanderbetrieb.at\/wp-content\/uploads\/2022\/05\/wanderung-loibersbacher-hoehe-2-1024x576.jpg 1024w, https:\/\/www.wanderbetrieb.at\/wp-content\/uploads\/2022\/05\/wanderung-loibersbacher-hoehe-2-1536x864.jpg 1536w, https:\/\/www.wanderbetrieb.at\/wp-content\/uploads\/2022\/05\/wanderung-loibersbacher-hoehe-2-2048x1152.jpg 2048w\" sizes=\"(max-width: 768px) 100vw, 768px\" \/><\/a>\n\t\t\t<\/div><\/figure><figure class='gallery-item'>\n\t\t\t<div class='gallery-icon landscape'>\n\t\t\t\t<a data-elementor-open-lightbox=\"yes\" data-elementor-lightbox-slideshow=\"0fc0d92\" data-elementor-lightbox-title=\"Wanderung Loibersbacher H\u00f6he\" data-e-action-hash=\"#elementor-action%3Aaction%3Dlightbox%26settings%3DeyJpZCI6MjYyLCJ1cmwiOiJodHRwczpcL1wvd3d3LndhbmRlcmJldHJpZWIuYXRcL3dwLWNvbnRlbnRcL3VwbG9hZHNcLzIwMjJcLzA1XC93YW5kZXJ1bmctbG9pYmVyc2JhY2hlci1ob2VoZS0zLmpwZyIsInNsaWRlc2hvdyI6IjBmYzBkOTIifQ%3D%3D\" href='https:\/\/www.wanderbetrieb.at\/wp-content\/uploads\/2022\/05\/wanderung-loibersbacher-hoehe-3.jpg'><img decoding=\"async\" width=\"768\" height=\"432\" src=\"https:\/\/www.wanderbetrieb.at\/wp-content\/uploads\/2022\/05\/wanderung-loibersbacher-hoehe-3-768x432.jpg\" class=\"attachment-medium_large size-medium_large\" alt=\"Randonn\u00e9e hauteur Loibersbacher\" srcset=\"https:\/\/www.wanderbetrieb.at\/wp-content\/uploads\/2022\/05\/wanderung-loibersbacher-hoehe-3-768x432.jpg 768w, https:\/\/www.wanderbetrieb.at\/wp-content\/uploads\/2022\/05\/wanderung-loibersbacher-hoehe-3-600x337.jpg 600w, https:\/\/www.wanderbetrieb.at\/wp-content\/uploads\/2022\/05\/wanderung-loibersbacher-hoehe-3-300x169.jpg 300w, https:\/\/www.wanderbetrieb.at\/wp-content\/uploads\/2022\/05\/wanderung-loibersbacher-hoehe-3-1024x576.jpg 1024w, https:\/\/www.wanderbetrieb.at\/wp-content\/uploads\/2022\/05\/wanderung-loibersbacher-hoehe-3-1536x864.jpg 1536w, https:\/\/www.wanderbetrieb.at\/wp-content\/uploads\/2022\/05\/wanderung-loibersbacher-hoehe-3-2048x1152.jpg 2048w\" sizes=\"(max-width: 768px) 100vw, 768px\" \/><\/a>\n\t\t\t<\/div><\/figure><figure class='gallery-item'>\n\t\t\t<div class='gallery-icon landscape'>\n\t\t\t\t<a data-elementor-open-lightbox=\"yes\" data-elementor-lightbox-slideshow=\"0fc0d92\" data-elementor-lightbox-title=\"Wanderung Loibersbacher H\u00f6he\" data-e-action-hash=\"#elementor-action%3Aaction%3Dlightbox%26settings%3DeyJpZCI6MjYzLCJ1cmwiOiJodHRwczpcL1wvd3d3LndhbmRlcmJldHJpZWIuYXRcL3dwLWNvbnRlbnRcL3VwbG9hZHNcLzIwMjJcLzA1XC93YW5kZXJ1bmctbG9pYmVyc2JhY2hlci1ob2VoZS00LmpwZyIsInNsaWRlc2hvdyI6IjBmYzBkOTIifQ%3D%3D\" href='https:\/\/www.wanderbetrieb.at\/wp-content\/uploads\/2022\/05\/wanderung-loibersbacher-hoehe-4.jpg'><img loading=\"lazy\" decoding=\"async\" width=\"768\" height=\"432\" src=\"https:\/\/www.wanderbetrieb.at\/wp-content\/uploads\/2022\/05\/wanderung-loibersbacher-hoehe-4-768x432.jpg\" class=\"attachment-medium_large size-medium_large\" alt=\"Randonn\u00e9e hauteur Loibersbacher\" srcset=\"https:\/\/www.wanderbetrieb.at\/wp-content\/uploads\/2022\/05\/wanderung-loibersbacher-hoehe-4-768x432.jpg 768w, https:\/\/www.wanderbetrieb.at\/wp-content\/uploads\/2022\/05\/wanderung-loibersbacher-hoehe-4-600x337.jpg 600w, https:\/\/www.wanderbetrieb.at\/wp-content\/uploads\/2022\/05\/wanderung-loibersbacher-hoehe-4-300x169.jpg 300w, https:\/\/www.wanderbetrieb.at\/wp-content\/uploads\/2022\/05\/wanderung-loibersbacher-hoehe-4-1024x576.jpg 1024w, https:\/\/www.wanderbetrieb.at\/wp-content\/uploads\/2022\/05\/wanderung-loibersbacher-hoehe-4-1536x864.jpg 1536w, https:\/\/www.wanderbetrieb.at\/wp-content\/uploads\/2022\/05\/wanderung-loibersbacher-hoehe-4-2048x1152.jpg 2048w\" sizes=\"(max-width: 768px) 100vw, 768px\" \/><\/a>\n\t\t\t<\/div><\/figure><figure class='gallery-item'>\n\t\t\t<div class='gallery-icon landscape'>\n\t\t\t\t<a data-elementor-open-lightbox=\"yes\" data-elementor-lightbox-slideshow=\"0fc0d92\" data-elementor-lightbox-title=\"Wanderung Loibersbacher H\u00f6he\" data-e-action-hash=\"#elementor-action%3Aaction%3Dlightbox%26settings%3DeyJpZCI6MjY0LCJ1cmwiOiJodHRwczpcL1wvd3d3LndhbmRlcmJldHJpZWIuYXRcL3dwLWNvbnRlbnRcL3VwbG9hZHNcLzIwMjJcLzA1XC93YW5kZXJ1bmctbG9pYmVyc2JhY2hlci1ob2VoZS01LmpwZyIsInNsaWRlc2hvdyI6IjBmYzBkOTIifQ%3D%3D\" href='https:\/\/www.wanderbetrieb.at\/wp-content\/uploads\/2022\/05\/wanderung-loibersbacher-hoehe-5.jpg'><img loading=\"lazy\" decoding=\"async\" width=\"768\" height=\"432\" src=\"https:\/\/www.wanderbetrieb.at\/wp-content\/uploads\/2022\/05\/wanderung-loibersbacher-hoehe-5-768x432.jpg\" class=\"attachment-medium_large size-medium_large\" alt=\"Randonn\u00e9e hauteur Loibersbacher\" srcset=\"https:\/\/www.wanderbetrieb.at\/wp-content\/uploads\/2022\/05\/wanderung-loibersbacher-hoehe-5-768x432.jpg 768w, https:\/\/www.wanderbetrieb.at\/wp-content\/uploads\/2022\/05\/wanderung-loibersbacher-hoehe-5-600x337.jpg 600w, https:\/\/www.wanderbetrieb.at\/wp-content\/uploads\/2022\/05\/wanderung-loibersbacher-hoehe-5-300x169.jpg 300w, https:\/\/www.wanderbetrieb.at\/wp-content\/uploads\/2022\/05\/wanderung-loibersbacher-hoehe-5-1024x576.jpg 1024w, https:\/\/www.wanderbetrieb.at\/wp-content\/uploads\/2022\/05\/wanderung-loibersbacher-hoehe-5-1536x864.jpg 1536w, https:\/\/www.wanderbetrieb.at\/wp-content\/uploads\/2022\/05\/wanderung-loibersbacher-hoehe-5-2048x1152.jpg 2048w\" sizes=\"(max-width: 768px) 100vw, 768px\" \/><\/a>\n\t\t\t<\/div><\/figure><figure class='gallery-item'>\n\t\t\t<div class='gallery-icon landscape'>\n\t\t\t\t<a data-elementor-open-lightbox=\"yes\" data-elementor-lightbox-slideshow=\"0fc0d92\" data-elementor-lightbox-title=\"Wanderung Loibersbacher H\u00f6he\" data-e-action-hash=\"#elementor-action%3Aaction%3Dlightbox%26settings%3DeyJpZCI6MjY1LCJ1cmwiOiJodHRwczpcL1wvd3d3LndhbmRlcmJldHJpZWIuYXRcL3dwLWNvbnRlbnRcL3VwbG9hZHNcLzIwMjJcLzA1XC93YW5kZXJ1bmctbG9pYmVyc2JhY2hlci1ob2VoZS02LmpwZyIsInNsaWRlc2hvdyI6IjBmYzBkOTIifQ%3D%3D\" href='https:\/\/www.wanderbetrieb.at\/wp-content\/uploads\/2022\/05\/wanderung-loibersbacher-hoehe-6.jpg'><img loading=\"lazy\" decoding=\"async\" width=\"768\" height=\"432\" src=\"https:\/\/www.wanderbetrieb.at\/wp-content\/uploads\/2022\/05\/wanderung-loibersbacher-hoehe-6-768x432.jpg\" class=\"attachment-medium_large size-medium_large\" alt=\"Randonn\u00e9e hauteur Loibersbacher\" srcset=\"https:\/\/www.wanderbetrieb.at\/wp-content\/uploads\/2022\/05\/wanderung-loibersbacher-hoehe-6-768x432.jpg 768w, https:\/\/www.wanderbetrieb.at\/wp-content\/uploads\/2022\/05\/wanderung-loibersbacher-hoehe-6-600x337.jpg 600w, https:\/\/www.wanderbetrieb.at\/wp-content\/uploads\/2022\/05\/wanderung-loibersbacher-hoehe-6-300x169.jpg 300w, https:\/\/www.wanderbetrieb.at\/wp-content\/uploads\/2022\/05\/wanderung-loibersbacher-hoehe-6-1024x576.jpg 1024w, https:\/\/www.wanderbetrieb.at\/wp-content\/uploads\/2022\/05\/wanderung-loibersbacher-hoehe-6-1536x864.jpg 1536w, https:\/\/www.wanderbetrieb.at\/wp-content\/uploads\/2022\/05\/wanderung-loibersbacher-hoehe-6-2048x1152.jpg 2048w\" sizes=\"(max-width: 768px) 100vw, 768px\" \/><\/a>\n\t\t\t<\/div><\/figure>\n\t\t<\/div>\n\t\t<\/div>\n\t\t\t\t\t\t<\/div>\n\t\t\t\t<\/div>\n\t\t\t\t\t<\/div>\n\t\t<\/div>\n\t\t\t\t\t<\/div>\n\t\t<\/section>\n\t\t\t\t<\/div>\n\t\t<div id=\"masterqrPost\" style=\"text-align:left\"><\/div><div class =\"mqrbtnalign\" style=\"    display: flex;justify-content:left\"><div style=\"width:254px;display:flex;align-items: center;justify-content: center;font-size: small\"><a id=\"downloadbuton2\" download=\"Wanderung Loibersbacher H\u00f6he.png\" class=\"btn_fromt_canvas\" style=\"color:#fff;background:#16601a;\">T\u00e9l\u00e9charger QR\n                <\/a><a id=\"printButtoncont\" style=\"margin-left:10px;color:#fff;background:#e53463\";>Imprimer QR<\/a>\n                <div><\/div><script>function masterqrCurrentPAge(){new QRCode(document.getElementById(\"masterqrPost\"),{text: \"https:\/\/www.wanderbetrieb.at\/fr\/wp-json\/wp\/v2\/posts\/243\", width: 254, height: 254, colorDark: \"#000000\", colorLight:\"#fff\", PI: \"#000000\", PO: \"#000000\", AI: \"#000000\", AO: \"#000000\", PI_TL: \"#000000\", PO_TL: \"#000000\", logo: \"\", logoWidth: 55, logoHeight: 55, logoBackgroundTransparent: true, backgroundImage: \"\", dotScale: \"0.6\", timing: \"#000000\", timing_V: \"#000000\", backgroundImageAlpha: \"0.3\",});}masterqrCurrentPAge(); <\/script>","protected":false},"excerpt":{"rendered":"<p>Ein herrlicher Sommertag, perfekt f\u00fcr die Loibersbacher H\u00f6he Wir starten bei strahlend blauem Himmel und Temperaturen, die zum Baden noch zu k\u00fchl sind. Das wird sich aber w\u00e4hrend des Aufstieges schnell \u00e4ndern. \u00dcber die Stegernalm (die mit den Steinen), geht\u2019s sch\u00f6n langsam Richtung Loibersbacher H\u00f6he. Der atemberaubende Rundumblick belohnt uns f\u00fcr den Schwei\u00df, den wir [&hellip;]<\/p>\n","protected":false},"author":1,"featured_media":264,"comment_status":"open","ping_status":"open","sticky":false,"template":"elementor_header_footer","format":"standard","meta":{"site-sidebar-layout":"default","site-content-layout":"default","ast-site-content-layout":"default","site-content-style":"default","site-sidebar-style":"default","ast-global-header-display":"","ast-banner-title-visibility":"","ast-main-header-display":"","ast-hfb-above-header-display":"","ast-hfb-below-header-display":"","ast-hfb-mobile-header-display":"","site-post-title":"","ast-breadcrumbs-content":"","ast-featured-img":"","footer-sml-layout":"","ast-disable-related-posts":"","theme-transparent-header-meta":"default","adv-header-id-meta":"","stick-header-meta":"","header-above-stick-meta":"","header-main-stick-meta":"","header-below-stick-meta":"","astra-migrate-meta-layouts":"default","ast-page-background-enabled":"default","ast-page-background-meta":{"desktop":{"background-color":"var(--ast-global-color-4)","background-image":"","background-repeat":"repeat","background-position":"center center","background-size":"auto","background-attachment":"scroll","background-type":"","background-media":"","overlay-type":"","overlay-color":"","overlay-opacity":"","overlay-gradient":""},"tablet":{"background-color":"","background-image":"","background-repeat":"repeat","background-position":"center center","background-size":"auto","background-attachment":"scroll","background-type":"","background-media":"","overlay-type":"","overlay-color":"","overlay-opacity":"","overlay-gradient":""},"mobile":{"background-color":"","background-image":"","background-repeat":"repeat","background-position":"center center","background-size":"auto","background-attachment":"scroll","background-type":"","background-media":"","overlay-type":"","overlay-color":"","overlay-opacity":"","overlay-gradient":""}},"ast-content-background-meta":{"desktop":{"background-color":"var(--ast-global-color-5)","background-image":"","background-repeat":"repeat","background-position":"center center","background-size":"auto","background-attachment":"scroll","background-type":"","background-media":"","overlay-type":"","overlay-color":"","overlay-opacity":"","overlay-gradient":""},"tablet":{"background-color":"var(--ast-global-color-5)","background-image":"","background-repeat":"repeat","background-position":"center center","background-size":"auto","background-attachment":"scroll","background-type":"","background-media":"","overlay-type":"","overlay-color":"","overlay-opacity":"","overlay-gradient":""},"mobile":{"background-color":"var(--ast-global-color-5)","background-image":"","background-repeat":"repeat","background-position":"center center","background-size":"auto","background-attachment":"scroll","background-type":"","background-media":"","overlay-type":"","overlay-color":"","overlay-opacity":"","overlay-gradient":""}},"footnotes":""},"categories":[7],"tags":[],"class_list":["post-243","post","type-post","status-publish","format-standard","has-post-thumbnail","hentry","category-wandertagebuch-fuschlseeregion"],"yoast_head":"<!-- This site is optimized with the Yoast SEO plugin v27.4 - https:\/\/yoast.com\/product\/yoast-seo-wordpress\/ -->\n<title>Wanderung Loibersbacher H\u00f6he - Wanderbetrieb Fuschlseeregion<\/title>\n<meta name=\"description\" content=\"Wanderung Loibersbacher H\u00f6he Ein herrlicher Sommertag, perfekt f\u00fcr die Loibersbacher H\u00f6he. Wir starten bei strahlend blauem Himmel\" \/>\n<meta name=\"robots\" content=\"index, follow, max-snippet:-1, max-image-preview:large, max-video-preview:-1\" \/>\n<link rel=\"canonical\" href=\"https:\/\/www.wanderbetrieb.at\/fr\/journal-de-randonnee-region-de-fuschlsee\/loibersbacher-hoehe\/\" \/>\n<meta property=\"og:locale\" content=\"fr_FR\" \/>\n<meta property=\"og:type\" content=\"article\" \/>\n<meta property=\"og:title\" content=\"Wanderung Loibersbacher H\u00f6he - Wanderbetrieb Fuschlseeregion\" \/>\n<meta property=\"og:description\" content=\"Wanderung Loibersbacher H\u00f6he Ein herrlicher Sommertag, perfekt f\u00fcr die Loibersbacher H\u00f6he. Wir starten bei strahlend blauem Himmel\" \/>\n<meta property=\"og:url\" content=\"https:\/\/www.wanderbetrieb.at\/fr\/journal-de-randonnee-region-de-fuschlsee\/loibersbacher-hoehe\/\" \/>\n<meta property=\"og:site_name\" content=\"Wanderbetrieb Fuschlseeregion\" \/>\n<meta property=\"article:published_time\" content=\"2020-08-01T08:31:02+00:00\" \/>\n<meta property=\"article:modified_time\" content=\"2022-05-30T11:14:50+00:00\" \/>\n<meta property=\"og:image\" content=\"https:\/\/www.wanderbetrieb.at\/wp-content\/uploads\/2022\/05\/wanderung-loibersbacher-hoehe-5.jpg\" \/>\n\t<meta property=\"og:image:width\" content=\"2365\" \/>\n\t<meta property=\"og:image:height\" content=\"1330\" \/>\n\t<meta property=\"og:image:type\" content=\"image\/jpeg\" \/>\n<meta name=\"author\" content=\"Wanderbetrieb\" \/>\n<meta name=\"twitter:card\" content=\"summary_large_image\" \/>\n<meta name=\"twitter:label1\" content=\"\u00c9crit par\" \/>\n\t<meta name=\"twitter:data1\" content=\"Wanderbetrieb\" \/>\n\t<meta name=\"twitter:label2\" content=\"Dur\u00e9e de lecture estim\u00e9e\" \/>\n\t<meta name=\"twitter:data2\" content=\"2 minutes\" \/>\n<script type=\"application\/ld+json\" class=\"yoast-schema-graph\">{\"@context\":\"https:\\\/\\\/schema.org\",\"@graph\":[{\"@type\":\"Article\",\"@id\":\"https:\\\/\\\/www.wanderbetrieb.at\\\/wandertagebuch-fuschlseeregion\\\/loibersbacher-hoehe\\\/#article\",\"isPartOf\":{\"@id\":\"https:\\\/\\\/www.wanderbetrieb.at\\\/wandertagebuch-fuschlseeregion\\\/loibersbacher-hoehe\\\/\"},\"author\":{\"name\":\"Wanderbetrieb\",\"@id\":\"https:\\\/\\\/www.wanderbetrieb.at\\\/#\\\/schema\\\/person\\\/906dfd69b680acc005986dfe16242e62\"},\"headline\":\"Wanderung Loibersbacher H\u00f6he\",\"datePublished\":\"2020-08-01T08:31:02+00:00\",\"dateModified\":\"2022-05-30T11:14:50+00:00\",\"mainEntityOfPage\":{\"@id\":\"https:\\\/\\\/www.wanderbetrieb.at\\\/wandertagebuch-fuschlseeregion\\\/loibersbacher-hoehe\\\/\"},\"wordCount\":91,\"commentCount\":0,\"publisher\":{\"@id\":\"https:\\\/\\\/www.wanderbetrieb.at\\\/#organization\"},\"image\":{\"@id\":\"https:\\\/\\\/www.wanderbetrieb.at\\\/wandertagebuch-fuschlseeregion\\\/loibersbacher-hoehe\\\/#primaryimage\"},\"thumbnailUrl\":\"https:\\\/\\\/www.wanderbetrieb.at\\\/wp-content\\\/uploads\\\/2022\\\/05\\\/wanderung-loibersbacher-hoehe-5.jpg\",\"articleSection\":[\"Wandertagebuch\"],\"inLanguage\":\"fr-FR\",\"potentialAction\":[{\"@type\":\"CommentAction\",\"name\":\"Comment\",\"target\":[\"https:\\\/\\\/www.wanderbetrieb.at\\\/wandertagebuch-fuschlseeregion\\\/loibersbacher-hoehe\\\/#respond\"]}]},{\"@type\":\"WebPage\",\"@id\":\"https:\\\/\\\/www.wanderbetrieb.at\\\/wandertagebuch-fuschlseeregion\\\/loibersbacher-hoehe\\\/\",\"url\":\"https:\\\/\\\/www.wanderbetrieb.at\\\/wandertagebuch-fuschlseeregion\\\/loibersbacher-hoehe\\\/\",\"name\":\"Wanderung Loibersbacher H\u00f6he - Wanderbetrieb Fuschlseeregion\",\"isPartOf\":{\"@id\":\"https:\\\/\\\/www.wanderbetrieb.at\\\/#website\"},\"primaryImageOfPage\":{\"@id\":\"https:\\\/\\\/www.wanderbetrieb.at\\\/wandertagebuch-fuschlseeregion\\\/loibersbacher-hoehe\\\/#primaryimage\"},\"image\":{\"@id\":\"https:\\\/\\\/www.wanderbetrieb.at\\\/wandertagebuch-fuschlseeregion\\\/loibersbacher-hoehe\\\/#primaryimage\"},\"thumbnailUrl\":\"https:\\\/\\\/www.wanderbetrieb.at\\\/wp-content\\\/uploads\\\/2022\\\/05\\\/wanderung-loibersbacher-hoehe-5.jpg\",\"datePublished\":\"2020-08-01T08:31:02+00:00\",\"dateModified\":\"2022-05-30T11:14:50+00:00\",\"description\":\"Wanderung Loibersbacher H\u00f6he Ein herrlicher Sommertag, perfekt f\u00fcr die Loibersbacher H\u00f6he. Wir starten bei strahlend blauem Himmel\",\"breadcrumb\":{\"@id\":\"https:\\\/\\\/www.wanderbetrieb.at\\\/wandertagebuch-fuschlseeregion\\\/loibersbacher-hoehe\\\/#breadcrumb\"},\"inLanguage\":\"fr-FR\",\"potentialAction\":[{\"@type\":\"ReadAction\",\"target\":[\"https:\\\/\\\/www.wanderbetrieb.at\\\/wandertagebuch-fuschlseeregion\\\/loibersbacher-hoehe\\\/\"]}]},{\"@type\":\"ImageObject\",\"inLanguage\":\"fr-FR\",\"@id\":\"https:\\\/\\\/www.wanderbetrieb.at\\\/wandertagebuch-fuschlseeregion\\\/loibersbacher-hoehe\\\/#primaryimage\",\"url\":\"https:\\\/\\\/www.wanderbetrieb.at\\\/wp-content\\\/uploads\\\/2022\\\/05\\\/wanderung-loibersbacher-hoehe-5.jpg\",\"contentUrl\":\"https:\\\/\\\/www.wanderbetrieb.at\\\/wp-content\\\/uploads\\\/2022\\\/05\\\/wanderung-loibersbacher-hoehe-5.jpg\",\"width\":2365,\"height\":1330,\"caption\":\"Wanderung Loibersbacher H\u00f6he\"},{\"@type\":\"BreadcrumbList\",\"@id\":\"https:\\\/\\\/www.wanderbetrieb.at\\\/wandertagebuch-fuschlseeregion\\\/loibersbacher-hoehe\\\/#breadcrumb\",\"itemListElement\":[{\"@type\":\"ListItem\",\"position\":1,\"name\":\"Startseite\",\"item\":\"https:\\\/\\\/www.wanderbetrieb.at\\\/\"},{\"@type\":\"ListItem\",\"position\":2,\"name\":\"Wanderung Loibersbacher H\u00f6he\"}]},{\"@type\":\"WebSite\",\"@id\":\"https:\\\/\\\/www.wanderbetrieb.at\\\/#website\",\"url\":\"https:\\\/\\\/www.wanderbetrieb.at\\\/\",\"name\":\"Wanderbetrieb Fuschlseeregion\",\"description\":\"\",\"publisher\":{\"@id\":\"https:\\\/\\\/www.wanderbetrieb.at\\\/#organization\"},\"potentialAction\":[{\"@type\":\"SearchAction\",\"target\":{\"@type\":\"EntryPoint\",\"urlTemplate\":\"https:\\\/\\\/www.wanderbetrieb.at\\\/?s={search_term_string}\"},\"query-input\":{\"@type\":\"PropertyValueSpecification\",\"valueRequired\":true,\"valueName\":\"search_term_string\"}}],\"inLanguage\":\"fr-FR\"},{\"@type\":\"Organization\",\"@id\":\"https:\\\/\\\/www.wanderbetrieb.at\\\/#organization\",\"name\":\"Pension Schierl - Wanderbetrieb in der Fuschlseeregion\",\"url\":\"https:\\\/\\\/www.wanderbetrieb.at\\\/\",\"logo\":{\"@type\":\"ImageObject\",\"inLanguage\":\"fr-FR\",\"@id\":\"https:\\\/\\\/www.wanderbetrieb.at\\\/#\\\/schema\\\/logo\\\/image\\\/\",\"url\":\"https:\\\/\\\/www.wanderbetrieb.at\\\/wp-content\\\/uploads\\\/2022\\\/05\\\/wanderbetrieb-premium.png\",\"contentUrl\":\"https:\\\/\\\/www.wanderbetrieb.at\\\/wp-content\\\/uploads\\\/2022\\\/05\\\/wanderbetrieb-premium.png\",\"width\":126,\"height\":136,\"caption\":\"Pension Schierl - Wanderbetrieb in der Fuschlseeregion\"},\"image\":{\"@id\":\"https:\\\/\\\/www.wanderbetrieb.at\\\/#\\\/schema\\\/logo\\\/image\\\/\"}},{\"@type\":\"Person\",\"@id\":\"https:\\\/\\\/www.wanderbetrieb.at\\\/#\\\/schema\\\/person\\\/906dfd69b680acc005986dfe16242e62\",\"name\":\"Wanderbetrieb\",\"sameAs\":[\"https:\\\/\\\/www.wanderbetrieb.at\"]}]}<\/script>\n<!-- \/ Yoast SEO plugin. -->","yoast_head_json":{"title":"Randonn\u00e9e Loibersbacher H\u00f6he - Op\u00e9ration de randonn\u00e9e dans la r\u00e9gion de Fuschlsee","description":"Randonn\u00e9e Loibersbacher H\u00f6he Une belle journ\u00e9e d&#039;\u00e9t\u00e9, parfaite pour le Loibersbacher H\u00f6he. Nous commen\u00e7ons avec un ciel bleu vif","robots":{"index":"index","follow":"follow","max-snippet":"max-snippet:-1","max-image-preview":"max-image-preview:large","max-video-preview":"max-video-preview:-1"},"canonical":"https:\/\/www.wanderbetrieb.at\/fr\/journal-de-randonnee-region-de-fuschlsee\/loibersbacher-hoehe\/","og_locale":"fr_FR","og_type":"article","og_title":"Wanderung Loibersbacher H\u00f6he - Wanderbetrieb Fuschlseeregion","og_description":"Wanderung Loibersbacher H\u00f6he Ein herrlicher Sommertag, perfekt f\u00fcr die Loibersbacher H\u00f6he. Wir starten bei strahlend blauem Himmel","og_url":"https:\/\/www.wanderbetrieb.at\/fr\/journal-de-randonnee-region-de-fuschlsee\/loibersbacher-hoehe\/","og_site_name":"Wanderbetrieb Fuschlseeregion","article_published_time":"2020-08-01T08:31:02+00:00","article_modified_time":"2022-05-30T11:14:50+00:00","og_image":[{"width":2365,"height":1330,"url":"https:\/\/www.wanderbetrieb.at\/wp-content\/uploads\/2022\/05\/wanderung-loibersbacher-hoehe-5.jpg","type":"image\/jpeg"}],"author":"Wanderbetrieb","twitter_card":"summary_large_image","twitter_misc":{"\u00c9crit par":"Wanderbetrieb","Dur\u00e9e de lecture estim\u00e9e":"2 minutes"},"schema":{"@context":"https:\/\/schema.org","@graph":[{"@type":"Article","@id":"https:\/\/www.wanderbetrieb.at\/wandertagebuch-fuschlseeregion\/loibersbacher-hoehe\/#article","isPartOf":{"@id":"https:\/\/www.wanderbetrieb.at\/wandertagebuch-fuschlseeregion\/loibersbacher-hoehe\/"},"author":{"name":"Wanderbetrieb","@id":"https:\/\/www.wanderbetrieb.at\/#\/schema\/person\/906dfd69b680acc005986dfe16242e62"},"headline":"Wanderung Loibersbacher H\u00f6he","datePublished":"2020-08-01T08:31:02+00:00","dateModified":"2022-05-30T11:14:50+00:00","mainEntityOfPage":{"@id":"https:\/\/www.wanderbetrieb.at\/wandertagebuch-fuschlseeregion\/loibersbacher-hoehe\/"},"wordCount":91,"commentCount":0,"publisher":{"@id":"https:\/\/www.wanderbetrieb.at\/#organization"},"image":{"@id":"https:\/\/www.wanderbetrieb.at\/wandertagebuch-fuschlseeregion\/loibersbacher-hoehe\/#primaryimage"},"thumbnailUrl":"https:\/\/www.wanderbetrieb.at\/wp-content\/uploads\/2022\/05\/wanderung-loibersbacher-hoehe-5.jpg","articleSection":["Wandertagebuch"],"inLanguage":"fr-FR","potentialAction":[{"@type":"CommentAction","name":"Comment","target":["https:\/\/www.wanderbetrieb.at\/wandertagebuch-fuschlseeregion\/loibersbacher-hoehe\/#respond"]}]},{"@type":"WebPage","@id":"https:\/\/www.wanderbetrieb.at\/wandertagebuch-fuschlseeregion\/loibersbacher-hoehe\/","url":"https:\/\/www.wanderbetrieb.at\/wandertagebuch-fuschlseeregion\/loibersbacher-hoehe\/","name":"Randonn\u00e9e Loibersbacher H\u00f6he - Op\u00e9ration de randonn\u00e9e dans la r\u00e9gion de Fuschlsee","isPartOf":{"@id":"https:\/\/www.wanderbetrieb.at\/#website"},"primaryImageOfPage":{"@id":"https:\/\/www.wanderbetrieb.at\/wandertagebuch-fuschlseeregion\/loibersbacher-hoehe\/#primaryimage"},"image":{"@id":"https:\/\/www.wanderbetrieb.at\/wandertagebuch-fuschlseeregion\/loibersbacher-hoehe\/#primaryimage"},"thumbnailUrl":"https:\/\/www.wanderbetrieb.at\/wp-content\/uploads\/2022\/05\/wanderung-loibersbacher-hoehe-5.jpg","datePublished":"2020-08-01T08:31:02+00:00","dateModified":"2022-05-30T11:14:50+00:00","description":"Randonn\u00e9e Loibersbacher H\u00f6he Une belle journ\u00e9e d&#039;\u00e9t\u00e9, parfaite pour le Loibersbacher H\u00f6he. Nous commen\u00e7ons avec un ciel bleu vif","breadcrumb":{"@id":"https:\/\/www.wanderbetrieb.at\/wandertagebuch-fuschlseeregion\/loibersbacher-hoehe\/#breadcrumb"},"inLanguage":"fr-FR","potentialAction":[{"@type":"ReadAction","target":["https:\/\/www.wanderbetrieb.at\/wandertagebuch-fuschlseeregion\/loibersbacher-hoehe\/"]}]},{"@type":"ImageObject","inLanguage":"fr-FR","@id":"https:\/\/www.wanderbetrieb.at\/wandertagebuch-fuschlseeregion\/loibersbacher-hoehe\/#primaryimage","url":"https:\/\/www.wanderbetrieb.at\/wp-content\/uploads\/2022\/05\/wanderung-loibersbacher-hoehe-5.jpg","contentUrl":"https:\/\/www.wanderbetrieb.at\/wp-content\/uploads\/2022\/05\/wanderung-loibersbacher-hoehe-5.jpg","width":2365,"height":1330,"caption":"Wanderung Loibersbacher H\u00f6he"},{"@type":"BreadcrumbList","@id":"https:\/\/www.wanderbetrieb.at\/wandertagebuch-fuschlseeregion\/loibersbacher-hoehe\/#breadcrumb","itemListElement":[{"@type":"ListItem","position":1,"name":"Startseite","item":"https:\/\/www.wanderbetrieb.at\/"},{"@type":"ListItem","position":2,"name":"Wanderung Loibersbacher H\u00f6he"}]},{"@type":"WebSite","@id":"https:\/\/www.wanderbetrieb.at\/#website","url":"https:\/\/www.wanderbetrieb.at\/","name":"Entreprise de randonn\u00e9e r\u00e9gion de Fuschlsee","description":"","publisher":{"@id":"https:\/\/www.wanderbetrieb.at\/#organization"},"potentialAction":[{"@type":"SearchAction","target":{"@type":"EntryPoint","urlTemplate":"https:\/\/www.wanderbetrieb.at\/?s={search_term_string}"},"query-input":{"@type":"PropertyValueSpecification","valueRequired":true,"valueName":"search_term_string"}}],"inLanguage":"fr-FR"},{"@type":"Organization","@id":"https:\/\/www.wanderbetrieb.at\/#organization","name":"Pension Schierl - op\u00e9ration de randonn\u00e9e dans la r\u00e9gion de Fuschlsee","url":"https:\/\/www.wanderbetrieb.at\/","logo":{"@type":"ImageObject","inLanguage":"fr-FR","@id":"https:\/\/www.wanderbetrieb.at\/#\/schema\/logo\/image\/","url":"https:\/\/www.wanderbetrieb.at\/wp-content\/uploads\/2022\/05\/wanderbetrieb-premium.png","contentUrl":"https:\/\/www.wanderbetrieb.at\/wp-content\/uploads\/2022\/05\/wanderbetrieb-premium.png","width":126,"height":136,"caption":"Pension Schierl - Wanderbetrieb in der Fuschlseeregion"},"image":{"@id":"https:\/\/www.wanderbetrieb.at\/#\/schema\/logo\/image\/"}},{"@type":"Person","@id":"https:\/\/www.wanderbetrieb.at\/#\/schema\/person\/906dfd69b680acc005986dfe16242e62","name":"Op\u00e9ration randonn\u00e9e","sameAs":["https:\/\/www.wanderbetrieb.at"]}]}},"_links":{"self":[{"href":"https:\/\/www.wanderbetrieb.at\/fr\/wp-json\/wp\/v2\/posts\/243","targetHints":{"allow":["GET"]}}],"collection":[{"href":"https:\/\/www.wanderbetrieb.at\/fr\/wp-json\/wp\/v2\/posts"}],"about":[{"href":"https:\/\/www.wanderbetrieb.at\/fr\/wp-json\/wp\/v2\/types\/post"}],"author":[{"embeddable":true,"href":"https:\/\/www.wanderbetrieb.at\/fr\/wp-json\/wp\/v2\/users\/1"}],"replies":[{"embeddable":true,"href":"https:\/\/www.wanderbetrieb.at\/fr\/wp-json\/wp\/v2\/comments?post=243"}],"version-history":[{"count":43,"href":"https:\/\/www.wanderbetrieb.at\/fr\/wp-json\/wp\/v2\/posts\/243\/revisions"}],"predecessor-version":[{"id":2075,"href":"https:\/\/www.wanderbetrieb.at\/fr\/wp-json\/wp\/v2\/posts\/243\/revisions\/2075"}],"wp:featuredmedia":[{"embeddable":true,"href":"https:\/\/www.wanderbetrieb.at\/fr\/wp-json\/wp\/v2\/media\/264"}],"wp:attachment":[{"href":"https:\/\/www.wanderbetrieb.at\/fr\/wp-json\/wp\/v2\/media?parent=243"}],"wp:term":[{"taxonomy":"category","embeddable":true,"href":"https:\/\/www.wanderbetrieb.at\/fr\/wp-json\/wp\/v2\/categories?post=243"},{"taxonomy":"post_tag","embeddable":true,"href":"https:\/\/www.wanderbetrieb.at\/fr\/wp-json\/wp\/v2\/tags?post=243"}],"curies":[{"name":"wp","href":"https:\/\/api.w.org\/{rel}","templated":true}]}}