{"id":3040,"date":"2022-06-28T03:01:32","date_gmt":"2022-06-28T01:01:32","guid":{"rendered":"https:\/\/www.wanderbetrieb.at\/?p=3040"},"modified":"2022-09-05T11:49:29","modified_gmt":"2022-09-05T09:49:29","slug":"glockner-pelerinage-2022","status":"publish","type":"post","link":"https:\/\/www.wanderbetrieb.at\/fr\/wandertagebuch-fuschlseeregion\/glockner-wallfahrt-2022\/","title":{"rendered":"P\u00e8lerinage Glockner 2022"},"content":{"rendered":"<div data-elementor-type=\"wp-post\" data-elementor-id=\"3040\" class=\"elementor elementor-3040\" data-elementor-post-type=\"post\">\n\t\t\t\t\t\t<section class=\"elementor-section elementor-top-section elementor-element elementor-element-428a231a elementor-section-full_width elementor-section-height-default elementor-section-height-default\" data-id=\"428a231a\" data-element_type=\"section\" data-e-type=\"section\">\n\t\t\t\t\t\t<div class=\"elementor-container elementor-column-gap-default\">\n\t\t\t\t\t<div class=\"elementor-column elementor-col-100 elementor-top-column elementor-element elementor-element-15e48c47\" data-id=\"15e48c47\" data-element_type=\"column\" data-e-type=\"column\">\n\t\t\t<div class=\"elementor-widget-wrap elementor-element-populated\">\n\t\t\t\t\t\t<div class=\"elementor-element elementor-element-5eb33f72 elementor-widget elementor-widget-heading\" data-id=\"5eb33f72\" data-element_type=\"widget\" data-e-type=\"widget\" data-widget_type=\"heading.default\">\n\t\t\t\t<div class=\"elementor-widget-container\">\n\t\t\t\t\t<h1 class=\"elementor-heading-title elementor-size-default\">P\u00e8lerinage Glockner 2022<\/h1>\t\t\t\t<\/div>\n\t\t\t\t<\/div>\n\t\t\t\t\t<\/div>\n\t\t<\/div>\n\t\t\t\t\t<\/div>\n\t\t<\/section>\n\t\t\t\t<section class=\"elementor-section elementor-top-section elementor-element elementor-element-27c05cf6 elementor-section-full_width elementor-section-height-default elementor-section-height-default\" data-id=\"27c05cf6\" data-element_type=\"section\" data-e-type=\"section\">\n\t\t\t\t\t\t<div class=\"elementor-container elementor-column-gap-default\">\n\t\t\t\t\t<div class=\"elementor-column elementor-col-66 elementor-top-column elementor-element elementor-element-566df21\" data-id=\"566df21\" data-element_type=\"column\" data-e-type=\"column\">\n\t\t\t<div class=\"elementor-widget-wrap elementor-element-populated\">\n\t\t\t\t\t\t<div class=\"elementor-element elementor-element-a21a686 elementor-widget elementor-widget-text-editor\" data-id=\"a21a686\" data-element_type=\"widget\" data-e-type=\"widget\" data-widget_type=\"text-editor.default\">\n\t\t\t\t<div class=\"elementor-widget-container\">\n\t\t\t\t\t\t\t\t\t<h2>Le Glockner et Dieu, digne d&#039;un p\u00e8lerinage.<\/h2><p>Chaque ann\u00e9e, des milliers de p\u00e8lerins se rendent en p\u00e8lerinage au sanctuaire des saints Pierre et Paul.\u00a0<strong>28 juin<\/strong>, du Rauriser\u00a0<strong>Seidlwinkltal\u00a0<\/strong>dans la r\u00e9gion de Salzbourg \u00e0 propos de <strong>Route alpine du Grossglockner<\/strong>\u00a0jusqu&#039;\u00e0 Heiligenblut en Carinthie.<\/p><p>\u00c0 3 heures, nous sommes all\u00e9s avec \u00e7a <a href=\"https:\/\/www.tanzberger.at\/\">Voyage \u00e0 Tanzberg<\/a>\u00a0 du Faistenau, vers Rauris. Vers 6 h 30, le p\u00e8lerinage a commenc\u00e9 depuis le Tauernhaus dans le Seidlwinkltal.<\/p><p>Le chemin de p\u00e8lerinage passe par le Litzlhofalm et le magnifique fond de la vall\u00e9e de Seidlwinkl jusqu&#039;\u00e0 la route alpine du Grossglockner. Au col de Hochtor, les p\u00e8lerins venant de Rauris croisent ceux venant de Fusch\/Ferleiten.\u00a0<\/p><p>Il y a toujours une raison de remercier Dieu avec ce p\u00e8lerinage.<\/p>\t\t\t\t\t\t\t\t<\/div>\n\t\t\t\t<\/div>\n\t\t\t\t\t<\/div>\n\t\t<\/div>\n\t\t\t\t<div class=\"elementor-column elementor-col-33 elementor-top-column elementor-element elementor-element-6cbb2920\" data-id=\"6cbb2920\" data-element_type=\"column\" data-e-type=\"column\">\n\t\t\t<div class=\"elementor-widget-wrap elementor-element-populated\">\n\t\t\t\t\t\t<div class=\"elementor-element elementor-element-7717ab93 elementor-widget elementor-widget-video\" data-id=\"7717ab93\" data-element_type=\"widget\" data-e-type=\"widget\" data-settings=\"{&quot;video_type&quot;:&quot;hosted&quot;,&quot;mute&quot;:&quot;yes&quot;,&quot;controls&quot;:&quot;yes&quot;}\" data-widget_type=\"video.default\">\n\t\t\t\t<div class=\"elementor-widget-container\">\n\t\t\t\t\t\t\t<div class=\"e-hosted-video elementor-wrapper elementor-open-inline\">\n\t\t\t\t\t<video class=\"elementor-video\" src=\"https:\/\/video.relive.cc\/19343421101_relive-tracker_1656435580729.mp4?x-ref=site\" controls=\"\" preload=\"metadata\" muted=\"muted\" controlslist=\"nodownload\"><\/video>\n\t\t\t\t<\/div>\n\t\t\t\t\t\t<\/div>\n\t\t\t\t<\/div>\n\t\t\t\t<section class=\"elementor-section elementor-inner-section elementor-element elementor-element-55b021d elementor-section-boxed elementor-section-height-default elementor-section-height-default\" data-id=\"55b021d\" data-element_type=\"section\" data-e-type=\"section\">\n\t\t\t\t\t\t<div class=\"elementor-container elementor-column-gap-default\">\n\t\t\t\t\t<div class=\"elementor-column elementor-col-50 elementor-inner-column elementor-element elementor-element-3c8d7fe\" data-id=\"3c8d7fe\" data-element_type=\"column\" data-e-type=\"column\">\n\t\t\t<div class=\"elementor-widget-wrap elementor-element-populated\">\n\t\t\t\t\t\t<div class=\"elementor-element elementor-element-2a40259 elementor-align-center elementor-widget__width-inherit .w-100 elementor-widget elementor-widget-button\" data-id=\"2a40259\" data-element_type=\"widget\" data-e-type=\"widget\" data-widget_type=\"button.default\">\n\t\t\t\t<div class=\"elementor-widget-container\">\n\t\t\t\t\t\t\t\t\t<div class=\"elementor-button-wrapper\">\n\t\t\t\t\t<a class=\"elementor-button elementor-button-link elementor-size-sm\" href=\"#route-Glocknerwallfahr\">\n\t\t\t\t\t\t<span class=\"elementor-button-content-wrapper\">\n\t\t\t\t\t\t<span class=\"elementor-button-icon\">\n\t\t\t\t<i aria-hidden=\"true\" class=\"fas fa-map-marker-alt\"><\/i>\t\t\t<\/span>\n\t\t\t\t\t\t\t\t\t<span class=\"elementor-button-text\">Afficher l&#039;itin\u00e9raire<\/span>\n\t\t\t\t\t<\/span>\n\t\t\t\t\t<\/a>\n\t\t\t\t<\/div>\n\t\t\t\t\t\t\t\t<\/div>\n\t\t\t\t<\/div>\n\t\t\t\t\t<\/div>\n\t\t<\/div>\n\t\t\t\t<div class=\"elementor-column elementor-col-50 elementor-inner-column elementor-element elementor-element-39c1faa\" data-id=\"39c1faa\" data-element_type=\"column\" data-e-type=\"column\">\n\t\t\t<div class=\"elementor-widget-wrap elementor-element-populated\">\n\t\t\t\t\t\t<div class=\"elementor-element elementor-element-21e51caf elementor-align-center elementor-widget__width-inherit .w-100 elementor-widget elementor-widget-button\" data-id=\"21e51caf\" data-element_type=\"widget\" data-e-type=\"widget\" id=\"btn-back\" data-widget_type=\"button.default\">\n\t\t\t\t<div class=\"elementor-widget-container\">\n\t\t\t\t\t\t\t\t\t<div class=\"elementor-button-wrapper\">\n\t\t\t\t\t<a class=\"elementor-button elementor-size-sm\" role=\"button\">\n\t\t\t\t\t\t<span class=\"elementor-button-content-wrapper\">\n\t\t\t\t\t\t<span class=\"elementor-button-icon\">\n\t\t\t\t<i aria-hidden=\"true\" class=\"fas fa-map-marker-alt\"><\/i>\t\t\t<\/span>\n\t\t\t\t\t\t\t\t\t<span class=\"elementor-button-text\">Retourner<\/span>\n\t\t\t\t\t<\/span>\n\t\t\t\t\t<\/a>\n\t\t\t\t<\/div>\n\t\t\t\t\t\t\t\t<\/div>\n\t\t\t\t<\/div>\n\t\t\t\t\t<\/div>\n\t\t<\/div>\n\t\t\t\t\t<\/div>\n\t\t<\/section>\n\t\t\t\t<section class=\"elementor-section elementor-inner-section elementor-element elementor-element-f6342ae elementor-section-boxed elementor-section-height-default elementor-section-height-default\" data-id=\"f6342ae\" data-element_type=\"section\" data-e-type=\"section\">\n\t\t\t\t\t\t<div class=\"elementor-container elementor-column-gap-default\">\n\t\t\t\t\t<div class=\"elementor-column elementor-col-100 elementor-inner-column elementor-element elementor-element-b8915a9\" data-id=\"b8915a9\" data-element_type=\"column\" data-e-type=\"column\">\n\t\t\t<div class=\"elementor-widget-wrap\">\n\t\t\t\t\t\t\t<\/div>\n\t\t<\/div>\n\t\t\t\t\t<\/div>\n\t\t<\/section>\n\t\t\t\t\t<\/div>\n\t\t<\/div>\n\t\t\t\t\t<\/div>\n\t\t<\/section>\n\t\t\t\t<section class=\"elementor-section elementor-top-section elementor-element elementor-element-2cb854b0 elementor-section-full_width elementor-section-height-default elementor-section-height-default\" data-id=\"2cb854b0\" data-element_type=\"section\" data-e-type=\"section\">\n\t\t\t\t\t\t<div class=\"elementor-container elementor-column-gap-default\">\n\t\t\t\t\t<div class=\"elementor-column elementor-col-100 elementor-top-column elementor-element elementor-element-a6aa4a4\" data-id=\"a6aa4a4\" data-element_type=\"column\" data-e-type=\"column\">\n\t\t\t<div class=\"elementor-widget-wrap elementor-element-populated\">\n\t\t\t\t\t\t<div class=\"elementor-element elementor-element-3cfa7af4 gallery-spacing-custom elementor-widget elementor-widget-image-gallery\" data-id=\"3cfa7af4\" data-element_type=\"widget\" data-e-type=\"widget\" data-widget_type=\"image-gallery.default\">\n\t\t\t\t<div class=\"elementor-widget-container\">\n\t\t\t\t\t\t\t<div class=\"elementor-image-gallery\">\n\t\t\t\n<a data-elementor-open-lightbox=\"yes\" data-elementor-lightbox-slideshow=\"3cfa7af4\" data-elementor-lightbox-title=\"Wanderung von Rauris \u00fcber die Glockner Hochalpenstra\u00dfe nach  Heiligenblut\" data-e-action-hash=\"#elementor-action%3Aaction%3Dlightbox%26settings%3DeyJpZCI6MzA1MiwidXJsIjoiaHR0cHM6XC9cL3d3dy53YW5kZXJiZXRyaWViLmF0XC93cC1jb250ZW50XC91cGxvYWRzXC8yMDIyXC8wN1wvV2FuZGVyYmV0cmllYi1GdXNjaGxzZWVyZWdpb24tR2xvY2tuZXItV2FsbGZhaHJ0LTcuanBnIiwic2xpZGVzaG93IjoiM2NmYTdhZjQifQ%3D%3D\" href='https:\/\/www.wanderbetrieb.at\/wp-content\/uploads\/2022\/07\/Wanderbetrieb-Fuschlseeregion-Glockner-Wallfahrt-7.jpg'><img fetchpriority=\"high\" decoding=\"async\" width=\"768\" height=\"576\" src=\"https:\/\/www.wanderbetrieb.at\/wp-content\/uploads\/2022\/07\/Wanderbetrieb-Fuschlseeregion-Glockner-Wallfahrt-7-768x576.jpg\" class=\"attachment-medium_large size-medium_large\" alt=\"Randonn\u00e9e de Rauris via la route alpine du Glockner jusqu&#039;\u00e0 Heiligenblut\" srcset=\"https:\/\/www.wanderbetrieb.at\/wp-content\/uploads\/2022\/07\/Wanderbetrieb-Fuschlseeregion-Glockner-Wallfahrt-7-768x576.jpg 768w, https:\/\/www.wanderbetrieb.at\/wp-content\/uploads\/2022\/07\/Wanderbetrieb-Fuschlseeregion-Glockner-Wallfahrt-7-300x225.jpg 300w, https:\/\/www.wanderbetrieb.at\/wp-content\/uploads\/2022\/07\/Wanderbetrieb-Fuschlseeregion-Glockner-Wallfahrt-7-16x12.jpg 16w, https:\/\/www.wanderbetrieb.at\/wp-content\/uploads\/2022\/07\/Wanderbetrieb-Fuschlseeregion-Glockner-Wallfahrt-7-600x450.jpg 600w, https:\/\/www.wanderbetrieb.at\/wp-content\/uploads\/2022\/07\/Wanderbetrieb-Fuschlseeregion-Glockner-Wallfahrt-7.jpg 960w\" sizes=\"(max-width: 768px) 100vw, 768px\" \/><\/a>\n<a data-elementor-open-lightbox=\"yes\" data-elementor-lightbox-slideshow=\"3cfa7af4\" data-elementor-lightbox-title=\"Wanderung von Rauris \u00fcber die Glockner Hochalpenstra\u00dfe nach  Heiligenblut\" data-e-action-hash=\"#elementor-action%3Aaction%3Dlightbox%26settings%3DeyJpZCI6MzA1MSwidXJsIjoiaHR0cHM6XC9cL3d3dy53YW5kZXJiZXRyaWViLmF0XC93cC1jb250ZW50XC91cGxvYWRzXC8yMDIyXC8wN1wvV2FuZGVyYmV0cmllYi1GdXNjaGxzZWVyZWdpb24tR2xvY2tuZXItV2FsbGZhaHJ0LTYuanBnIiwic2xpZGVzaG93IjoiM2NmYTdhZjQifQ%3D%3D\" href='https:\/\/www.wanderbetrieb.at\/wp-content\/uploads\/2022\/07\/Wanderbetrieb-Fuschlseeregion-Glockner-Wallfahrt-6.jpg'><img decoding=\"async\" width=\"768\" height=\"576\" src=\"https:\/\/www.wanderbetrieb.at\/wp-content\/uploads\/2022\/07\/Wanderbetrieb-Fuschlseeregion-Glockner-Wallfahrt-6-768x576.jpg\" class=\"attachment-medium_large size-medium_large\" alt=\"Randonn\u00e9e de Rauris via la route alpine du Glockner jusqu&#039;\u00e0 Heiligenblut\" srcset=\"https:\/\/www.wanderbetrieb.at\/wp-content\/uploads\/2022\/07\/Wanderbetrieb-Fuschlseeregion-Glockner-Wallfahrt-6-768x576.jpg 768w, https:\/\/www.wanderbetrieb.at\/wp-content\/uploads\/2022\/07\/Wanderbetrieb-Fuschlseeregion-Glockner-Wallfahrt-6-300x225.jpg 300w, https:\/\/www.wanderbetrieb.at\/wp-content\/uploads\/2022\/07\/Wanderbetrieb-Fuschlseeregion-Glockner-Wallfahrt-6-16x12.jpg 16w, https:\/\/www.wanderbetrieb.at\/wp-content\/uploads\/2022\/07\/Wanderbetrieb-Fuschlseeregion-Glockner-Wallfahrt-6-600x450.jpg 600w, https:\/\/www.wanderbetrieb.at\/wp-content\/uploads\/2022\/07\/Wanderbetrieb-Fuschlseeregion-Glockner-Wallfahrt-6.jpg 960w\" sizes=\"(max-width: 768px) 100vw, 768px\" \/><\/a>\n<a data-elementor-open-lightbox=\"yes\" data-elementor-lightbox-slideshow=\"3cfa7af4\" data-elementor-lightbox-title=\"Wanderung von Rauris \u00fcber die Glockner Hochalpenstra\u00dfe nach  Heiligenblut\" data-e-action-hash=\"#elementor-action%3Aaction%3Dlightbox%26settings%3DeyJpZCI6MzA1MCwidXJsIjoiaHR0cHM6XC9cL3d3dy53YW5kZXJiZXRyaWViLmF0XC93cC1jb250ZW50XC91cGxvYWRzXC8yMDIyXC8wN1wvV2FuZGVyYmV0cmllYi1GdXNjaGxzZWVyZWdpb24tR2xvY2tuZXItV2FsbGZhaHJ0LTUuanBnIiwic2xpZGVzaG93IjoiM2NmYTdhZjQifQ%3D%3D\" href='https:\/\/www.wanderbetrieb.at\/wp-content\/uploads\/2022\/07\/Wanderbetrieb-Fuschlseeregion-Glockner-Wallfahrt-5.jpg'><img decoding=\"async\" width=\"768\" height=\"576\" src=\"https:\/\/www.wanderbetrieb.at\/wp-content\/uploads\/2022\/07\/Wanderbetrieb-Fuschlseeregion-Glockner-Wallfahrt-5-768x576.jpg\" class=\"attachment-medium_large size-medium_large\" alt=\"Randonn\u00e9e de Rauris via la route alpine du Glockner jusqu&#039;\u00e0 Heiligenblut\" srcset=\"https:\/\/www.wanderbetrieb.at\/wp-content\/uploads\/2022\/07\/Wanderbetrieb-Fuschlseeregion-Glockner-Wallfahrt-5-768x576.jpg 768w, https:\/\/www.wanderbetrieb.at\/wp-content\/uploads\/2022\/07\/Wanderbetrieb-Fuschlseeregion-Glockner-Wallfahrt-5-300x225.jpg 300w, https:\/\/www.wanderbetrieb.at\/wp-content\/uploads\/2022\/07\/Wanderbetrieb-Fuschlseeregion-Glockner-Wallfahrt-5-16x12.jpg 16w, https:\/\/www.wanderbetrieb.at\/wp-content\/uploads\/2022\/07\/Wanderbetrieb-Fuschlseeregion-Glockner-Wallfahrt-5-600x450.jpg 600w, https:\/\/www.wanderbetrieb.at\/wp-content\/uploads\/2022\/07\/Wanderbetrieb-Fuschlseeregion-Glockner-Wallfahrt-5.jpg 960w\" sizes=\"(max-width: 768px) 100vw, 768px\" \/><\/a>\n<a data-elementor-open-lightbox=\"yes\" data-elementor-lightbox-slideshow=\"3cfa7af4\" data-elementor-lightbox-title=\"Wanderung von Rauris \u00fcber die Glockner Hochalpenstra\u00dfe nach  Heiligenblut\" data-e-action-hash=\"#elementor-action%3Aaction%3Dlightbox%26settings%3DeyJpZCI6MzA0OSwidXJsIjoiaHR0cHM6XC9cL3d3dy53YW5kZXJiZXRyaWViLmF0XC93cC1jb250ZW50XC91cGxvYWRzXC8yMDIyXC8wN1wvV2FuZGVyYmV0cmllYi1GdXNjaGxzZWVyZWdpb24tR2xvY2tuZXItV2FsbGZhaHJ0LTQuanBnIiwic2xpZGVzaG93IjoiM2NmYTdhZjQifQ%3D%3D\" href='https:\/\/www.wanderbetrieb.at\/wp-content\/uploads\/2022\/07\/Wanderbetrieb-Fuschlseeregion-Glockner-Wallfahrt-4.jpg'><img loading=\"lazy\" decoding=\"async\" width=\"768\" height=\"576\" src=\"https:\/\/www.wanderbetrieb.at\/wp-content\/uploads\/2022\/07\/Wanderbetrieb-Fuschlseeregion-Glockner-Wallfahrt-4-768x576.jpg\" class=\"attachment-medium_large size-medium_large\" alt=\"Randonn\u00e9e de Rauris via la route alpine du Glockner jusqu&#039;\u00e0 Heiligenblut\" srcset=\"https:\/\/www.wanderbetrieb.at\/wp-content\/uploads\/2022\/07\/Wanderbetrieb-Fuschlseeregion-Glockner-Wallfahrt-4-768x576.jpg 768w, https:\/\/www.wanderbetrieb.at\/wp-content\/uploads\/2022\/07\/Wanderbetrieb-Fuschlseeregion-Glockner-Wallfahrt-4-300x225.jpg 300w, https:\/\/www.wanderbetrieb.at\/wp-content\/uploads\/2022\/07\/Wanderbetrieb-Fuschlseeregion-Glockner-Wallfahrt-4-16x12.jpg 16w, https:\/\/www.wanderbetrieb.at\/wp-content\/uploads\/2022\/07\/Wanderbetrieb-Fuschlseeregion-Glockner-Wallfahrt-4-600x450.jpg 600w, https:\/\/www.wanderbetrieb.at\/wp-content\/uploads\/2022\/07\/Wanderbetrieb-Fuschlseeregion-Glockner-Wallfahrt-4.jpg 960w\" sizes=\"(max-width: 768px) 100vw, 768px\" \/><\/a>\n<a data-elementor-open-lightbox=\"yes\" data-elementor-lightbox-slideshow=\"3cfa7af4\" data-elementor-lightbox-title=\"Wanderung von Rauris \u00fcber die Glockner Hochalpenstra\u00dfe nach  Heiligenblut\" data-e-action-hash=\"#elementor-action%3Aaction%3Dlightbox%26settings%3DeyJpZCI6MzA0NywidXJsIjoiaHR0cHM6XC9cL3d3dy53YW5kZXJiZXRyaWViLmF0XC93cC1jb250ZW50XC91cGxvYWRzXC8yMDIyXC8wN1wvV2FuZGVyYmV0cmllYi1GdXNjaGxzZWVyZWdpb24tR2xvY2tuZXItV2FsbGZhaHJ0LTIuanBnIiwic2xpZGVzaG93IjoiM2NmYTdhZjQifQ%3D%3D\" href='https:\/\/www.wanderbetrieb.at\/wp-content\/uploads\/2022\/07\/Wanderbetrieb-Fuschlseeregion-Glockner-Wallfahrt-2.jpg'><img loading=\"lazy\" decoding=\"async\" width=\"768\" height=\"576\" src=\"https:\/\/www.wanderbetrieb.at\/wp-content\/uploads\/2022\/07\/Wanderbetrieb-Fuschlseeregion-Glockner-Wallfahrt-2-768x576.jpg\" class=\"attachment-medium_large size-medium_large\" alt=\"Randonn\u00e9e de Rauris via la route alpine du Glockner jusqu&#039;\u00e0 Heiligenblut\" srcset=\"https:\/\/www.wanderbetrieb.at\/wp-content\/uploads\/2022\/07\/Wanderbetrieb-Fuschlseeregion-Glockner-Wallfahrt-2-768x576.jpg 768w, https:\/\/www.wanderbetrieb.at\/wp-content\/uploads\/2022\/07\/Wanderbetrieb-Fuschlseeregion-Glockner-Wallfahrt-2-300x225.jpg 300w, https:\/\/www.wanderbetrieb.at\/wp-content\/uploads\/2022\/07\/Wanderbetrieb-Fuschlseeregion-Glockner-Wallfahrt-2-16x12.jpg 16w, https:\/\/www.wanderbetrieb.at\/wp-content\/uploads\/2022\/07\/Wanderbetrieb-Fuschlseeregion-Glockner-Wallfahrt-2-600x450.jpg 600w, https:\/\/www.wanderbetrieb.at\/wp-content\/uploads\/2022\/07\/Wanderbetrieb-Fuschlseeregion-Glockner-Wallfahrt-2.jpg 960w\" sizes=\"(max-width: 768px) 100vw, 768px\" \/><\/a>\n<a data-elementor-open-lightbox=\"yes\" data-elementor-lightbox-slideshow=\"3cfa7af4\" data-elementor-lightbox-title=\"Wanderung von Rauris \u00fcber die Glockner Hochalpenstra\u00dfe nach  Heiligenblut\" data-e-action-hash=\"#elementor-action%3Aaction%3Dlightbox%26settings%3DeyJpZCI6MzA0OCwidXJsIjoiaHR0cHM6XC9cL3d3dy53YW5kZXJiZXRyaWViLmF0XC93cC1jb250ZW50XC91cGxvYWRzXC8yMDIyXC8wN1wvV2FuZGVyYmV0cmllYi1GdXNjaGxzZWVyZWdpb24tR2xvY2tuZXItV2FsbGZhaHJ0LTMuanBnIiwic2xpZGVzaG93IjoiM2NmYTdhZjQifQ%3D%3D\" href='https:\/\/www.wanderbetrieb.at\/wp-content\/uploads\/2022\/07\/Wanderbetrieb-Fuschlseeregion-Glockner-Wallfahrt-3.jpg'><img loading=\"lazy\" decoding=\"async\" width=\"768\" height=\"576\" src=\"https:\/\/www.wanderbetrieb.at\/wp-content\/uploads\/2022\/07\/Wanderbetrieb-Fuschlseeregion-Glockner-Wallfahrt-3-768x576.jpg\" class=\"attachment-medium_large size-medium_large\" alt=\"Randonn\u00e9e de Rauris via la route alpine du Glockner jusqu&#039;\u00e0 Heiligenblut\" srcset=\"https:\/\/www.wanderbetrieb.at\/wp-content\/uploads\/2022\/07\/Wanderbetrieb-Fuschlseeregion-Glockner-Wallfahrt-3-768x576.jpg 768w, https:\/\/www.wanderbetrieb.at\/wp-content\/uploads\/2022\/07\/Wanderbetrieb-Fuschlseeregion-Glockner-Wallfahrt-3-300x225.jpg 300w, https:\/\/www.wanderbetrieb.at\/wp-content\/uploads\/2022\/07\/Wanderbetrieb-Fuschlseeregion-Glockner-Wallfahrt-3-16x12.jpg 16w, https:\/\/www.wanderbetrieb.at\/wp-content\/uploads\/2022\/07\/Wanderbetrieb-Fuschlseeregion-Glockner-Wallfahrt-3-600x450.jpg 600w, https:\/\/www.wanderbetrieb.at\/wp-content\/uploads\/2022\/07\/Wanderbetrieb-Fuschlseeregion-Glockner-Wallfahrt-3.jpg 960w\" sizes=\"(max-width: 768px) 100vw, 768px\" \/><\/a>\n<a data-elementor-open-lightbox=\"yes\" data-elementor-lightbox-slideshow=\"3cfa7af4\" data-elementor-lightbox-title=\"Wanderung von Rauris \u00fcber die Glockner Hochalpenstra\u00dfe nach  Heiligenblut\" data-e-action-hash=\"#elementor-action%3Aaction%3Dlightbox%26settings%3DeyJpZCI6MzA0NSwidXJsIjoiaHR0cHM6XC9cL3d3dy53YW5kZXJiZXRyaWViLmF0XC93cC1jb250ZW50XC91cGxvYWRzXC8yMDIyXC8wN1wvV2FuZGVyYmV0cmllYi1GdXNjaGxzZWVyZWdpb24tR2xvY2tuZXItV2FsbGZhaHJ0LTAuanBnIiwic2xpZGVzaG93IjoiM2NmYTdhZjQifQ%3D%3D\" href='https:\/\/www.wanderbetrieb.at\/wp-content\/uploads\/2022\/07\/Wanderbetrieb-Fuschlseeregion-Glockner-Wallfahrt-0.jpg'><img loading=\"lazy\" decoding=\"async\" width=\"768\" height=\"576\" src=\"https:\/\/www.wanderbetrieb.at\/wp-content\/uploads\/2022\/07\/Wanderbetrieb-Fuschlseeregion-Glockner-Wallfahrt-0-768x576.jpg\" class=\"attachment-medium_large size-medium_large\" alt=\"Randonn\u00e9e de Rauris via la route alpine du Glockner jusqu&#039;\u00e0 Heiligenblut\" srcset=\"https:\/\/www.wanderbetrieb.at\/wp-content\/uploads\/2022\/07\/Wanderbetrieb-Fuschlseeregion-Glockner-Wallfahrt-0-768x576.jpg 768w, https:\/\/www.wanderbetrieb.at\/wp-content\/uploads\/2022\/07\/Wanderbetrieb-Fuschlseeregion-Glockner-Wallfahrt-0-300x225.jpg 300w, https:\/\/www.wanderbetrieb.at\/wp-content\/uploads\/2022\/07\/Wanderbetrieb-Fuschlseeregion-Glockner-Wallfahrt-0-16x12.jpg 16w, https:\/\/www.wanderbetrieb.at\/wp-content\/uploads\/2022\/07\/Wanderbetrieb-Fuschlseeregion-Glockner-Wallfahrt-0-600x450.jpg 600w, https:\/\/www.wanderbetrieb.at\/wp-content\/uploads\/2022\/07\/Wanderbetrieb-Fuschlseeregion-Glockner-Wallfahrt-0.jpg 960w\" sizes=\"(max-width: 768px) 100vw, 768px\" \/><\/a>\n<a data-elementor-open-lightbox=\"yes\" data-elementor-lightbox-slideshow=\"3cfa7af4\" data-elementor-lightbox-title=\"Wanderung von Rauris \u00fcber die Glockner Hochalpenstra\u00dfe nach  Heiligenblut\" data-e-action-hash=\"#elementor-action%3Aaction%3Dlightbox%26settings%3DeyJpZCI6MzA0NiwidXJsIjoiaHR0cHM6XC9cL3d3dy53YW5kZXJiZXRyaWViLmF0XC93cC1jb250ZW50XC91cGxvYWRzXC8yMDIyXC8wN1wvV2FuZGVyYmV0cmllYi1GdXNjaGxzZWVyZWdpb24tR2xvY2tuZXItV2FsbGZhaHJ0LTEuanBnIiwic2xpZGVzaG93IjoiM2NmYTdhZjQifQ%3D%3D\" href='https:\/\/www.wanderbetrieb.at\/wp-content\/uploads\/2022\/07\/Wanderbetrieb-Fuschlseeregion-Glockner-Wallfahrt-1.jpg'><img loading=\"lazy\" decoding=\"async\" width=\"768\" height=\"576\" src=\"https:\/\/www.wanderbetrieb.at\/wp-content\/uploads\/2022\/07\/Wanderbetrieb-Fuschlseeregion-Glockner-Wallfahrt-1-768x576.jpg\" class=\"attachment-medium_large size-medium_large\" alt=\"Randonn\u00e9e de Rauris via la route alpine du Glockner jusqu&#039;\u00e0 Heiligenblut\" srcset=\"https:\/\/www.wanderbetrieb.at\/wp-content\/uploads\/2022\/07\/Wanderbetrieb-Fuschlseeregion-Glockner-Wallfahrt-1-768x576.jpg 768w, https:\/\/www.wanderbetrieb.at\/wp-content\/uploads\/2022\/07\/Wanderbetrieb-Fuschlseeregion-Glockner-Wallfahrt-1-300x225.jpg 300w, https:\/\/www.wanderbetrieb.at\/wp-content\/uploads\/2022\/07\/Wanderbetrieb-Fuschlseeregion-Glockner-Wallfahrt-1-16x12.jpg 16w, https:\/\/www.wanderbetrieb.at\/wp-content\/uploads\/2022\/07\/Wanderbetrieb-Fuschlseeregion-Glockner-Wallfahrt-1-600x450.jpg 600w, https:\/\/www.wanderbetrieb.at\/wp-content\/uploads\/2022\/07\/Wanderbetrieb-Fuschlseeregion-Glockner-Wallfahrt-1.jpg 960w\" sizes=\"(max-width: 768px) 100vw, 768px\" \/><\/a>\n<a data-elementor-open-lightbox=\"yes\" data-elementor-lightbox-slideshow=\"3cfa7af4\" data-elementor-lightbox-title=\"Wanderung von Rauris \u00fcber die Glockner Hochalpenstra\u00dfe nach  Heiligenblut\" data-e-action-hash=\"#elementor-action%3Aaction%3Dlightbox%26settings%3DeyJpZCI6MzA1MywidXJsIjoiaHR0cHM6XC9cL3d3dy53YW5kZXJiZXRyaWViLmF0XC93cC1jb250ZW50XC91cGxvYWRzXC8yMDIyXC8wN1wvV2FuZGVyYmV0cmllYi1GdXNjaGxzZWVyZWdpb24tR2xvY2tuZXItV2FsbGZhaHJ0LTEwLmpwZyIsInNsaWRlc2hvdyI6IjNjZmE3YWY0In0%3D\" href='https:\/\/www.wanderbetrieb.at\/wp-content\/uploads\/2022\/07\/Wanderbetrieb-Fuschlseeregion-Glockner-Wallfahrt-10.jpg'><img loading=\"lazy\" decoding=\"async\" width=\"768\" height=\"576\" src=\"https:\/\/www.wanderbetrieb.at\/wp-content\/uploads\/2022\/07\/Wanderbetrieb-Fuschlseeregion-Glockner-Wallfahrt-10-768x576.jpg\" class=\"attachment-medium_large size-medium_large\" alt=\"Randonn\u00e9e de Rauris via la route alpine du Glockner jusqu&#039;\u00e0 Heiligenblut\" srcset=\"https:\/\/www.wanderbetrieb.at\/wp-content\/uploads\/2022\/07\/Wanderbetrieb-Fuschlseeregion-Glockner-Wallfahrt-10-768x576.jpg 768w, https:\/\/www.wanderbetrieb.at\/wp-content\/uploads\/2022\/07\/Wanderbetrieb-Fuschlseeregion-Glockner-Wallfahrt-10-300x225.jpg 300w, https:\/\/www.wanderbetrieb.at\/wp-content\/uploads\/2022\/07\/Wanderbetrieb-Fuschlseeregion-Glockner-Wallfahrt-10-16x12.jpg 16w, https:\/\/www.wanderbetrieb.at\/wp-content\/uploads\/2022\/07\/Wanderbetrieb-Fuschlseeregion-Glockner-Wallfahrt-10-600x450.jpg 600w, https:\/\/www.wanderbetrieb.at\/wp-content\/uploads\/2022\/07\/Wanderbetrieb-Fuschlseeregion-Glockner-Wallfahrt-10.jpg 960w\" sizes=\"(max-width: 768px) 100vw, 768px\" \/><\/a>\n\t\t<\/div>\n\t\t\t\t\t\t<\/div>\n\t\t\t\t<\/div>\n\t\t\t\t\t<\/div>\n\t\t<\/div>\n\t\t\t\t\t<\/div>\n\t\t<\/section>\n\t\t\t\t<section class=\"elementor-section elementor-top-section elementor-element elementor-element-ff3341c elementor-section-boxed elementor-section-height-default elementor-section-height-default\" data-id=\"ff3341c\" data-element_type=\"section\" data-e-type=\"section\">\n\t\t\t\t\t\t<div class=\"elementor-container elementor-column-gap-default\">\n\t\t\t\t\t<div class=\"elementor-column elementor-col-100 elementor-top-column elementor-element elementor-element-2fc23a3\" data-id=\"2fc23a3\" data-element_type=\"column\" data-e-type=\"column\">\n\t\t\t<div class=\"elementor-widget-wrap elementor-element-populated\">\n\t\t\t\t\t\t<div class=\"elementor-element elementor-element-b37a9ed elementor-widget elementor-widget-heading\" data-id=\"b37a9ed\" data-element_type=\"widget\" data-e-type=\"widget\" data-widget_type=\"heading.default\">\n\t\t\t\t<div class=\"elementor-widget-container\">\n\t\t\t\t\t<h2 class=\"elementor-heading-title elementor-size-default\">Plus d&#039;informations sur le p\u00e8lerinage du Glockner<\/h2>\t\t\t\t<\/div>\n\t\t\t\t<\/div>\n\t\t\t\t<div class=\"elementor-element elementor-element-b6a03d0 elementor-widget elementor-widget-text-editor\" data-id=\"b6a03d0\" data-element_type=\"widget\" data-e-type=\"widget\" data-widget_type=\"text-editor.default\">\n\t\t\t\t<div class=\"elementor-widget-container\">\n\t\t\t\t\t\t\t\t\t<p><a href=\"https:\/\/www.sn.at\/wiki\/Glocknerwallfahrt\" target=\"_blank\" rel=\"noopener\">WIKI de Salzbourg<\/a><br \/><a href=\"https:\/\/www.google.at\/search?sxsrf=ALiCzsb_Ly8OmK1vPYvL_rgsXvIHdsUpjQ:1656834413495&amp;source=univ&amp;tbm=isch&amp;q=glocknerwallfahrt+2022&amp;fir=wTZMSMyT_Qq95M%252CKpOhU1JhvMlkaM%252C_%253BYP3u2REBKEO2ZM%252CmyLvl6S--u4r5M%252C_%253B5IrH9ltadr4PmM%252Cs9X6_mv-wtnhDM%252C_%253B5XnZJoUYuKYA4M%252CPXzSAZsInLjpzM%252C_%253BFZo5T7eEiPUSpM%252CmyLvl6S--u4r5M%252C_%253BVbMeEi3jOnhdOM%252CY6XNUywF8kZxtM%252C_%253ByLOPqh0w9oCtqM%252C0uBPw_iJet0edM%252C_%253BtZBCGmwj8kRo7M%252C0uBPw_iJet0edM%252C_%253BokA5hV_uErvXkM%252CKpOhU1JhvMlkaM%252C_%253BsFY00qm1mMK08M%252CuUTxi5xZITj0rM%252C_&amp;usg=AI4_-kRm2BBcChzEDdTSeB3asoLHi3tT3g&amp;sa=X&amp;ved=2ahUKEwib3auVndz4AhWY_bsIHf5MB3oQjJkEegQIORAC&amp;biw=1920&amp;bih=929&amp;dpr=1\" target=\"_blank\" rel=\"noopener\">Plus d&#039;images<\/a><br \/><a href=\"https:\/\/www.raurisertal.at\/de\/sommer\/events\/sommer-highlights\/pinzgauer-wallfahrt\/\" target=\"_blank\" rel=\"noopener\">Infos Vall\u00e9e de Rauris<\/a><\/p>\t\t\t\t\t\t\t\t<\/div>\n\t\t\t\t<\/div>\n\t\t\t\t\t<\/div>\n\t\t<\/div>\n\t\t\t\t\t<\/div>\n\t\t<\/section>\n\t\t\t\t<section class=\"elementor-section elementor-top-section elementor-element elementor-element-ab418f5 elementor-section-boxed elementor-section-height-default elementor-section-height-default\" data-id=\"ab418f5\" data-element_type=\"section\" data-e-type=\"section\">\n\t\t\t\t\t\t<div class=\"elementor-container elementor-column-gap-default\">\n\t\t\t\t\t<div class=\"elementor-column elementor-col-100 elementor-top-column elementor-element elementor-element-4043aaf\" data-id=\"4043aaf\" data-element_type=\"column\" data-e-type=\"column\">\n\t\t\t<div class=\"elementor-widget-wrap\">\n\t\t\t\t\t\t\t<\/div>\n\t\t<\/div>\n\t\t\t\t\t<\/div>\n\t\t<\/section>\n\t\t\t\t<\/div>\n\t\t<div id=\"masterqrPost\" style=\"text-align:left\"><\/div><div class =\"mqrbtnalign\" style=\"    display: flex;justify-content:left\"><div style=\"width:254px;display:flex;align-items: center;justify-content: center;font-size: small\"><a id=\"downloadbuton2\" download=\"Glocknerwallfahrt 2022.png\" class=\"btn_fromt_canvas\" style=\"color:#fff;background:#16601a;\">T\u00e9l\u00e9charger QR\n                <\/a><a id=\"printButtoncont\" style=\"margin-left:10px;color:#fff;background:#e53463\";>Imprimer QR<\/a>\n                <div><\/div><script>function masterqrCurrentPAge(){new QRCode(document.getElementById(\"masterqrPost\"),{text: \"https:\/\/www.wanderbetrieb.at\/fr\/wp-json\/wp\/v2\/posts\/3040\", width: 254, height: 254, colorDark: \"#000000\", colorLight:\"#fff\", PI: \"#000000\", PO: \"#000000\", AI: \"#000000\", AO: \"#000000\", PI_TL: \"#000000\", PO_TL: \"#000000\", logo: \"\", logoWidth: 55, logoHeight: 55, logoBackgroundTransparent: true, backgroundImage: \"\", dotScale: \"0.6\", timing: \"#000000\", timing_V: \"#000000\", backgroundImageAlpha: \"0.3\",});}masterqrCurrentPAge(); <\/script>","protected":false},"excerpt":{"rendered":"<p>Der Glockner und Gott, eine Wallfahrt wert. J\u00e4hrlich pilgern Tausende Wallfahrer zu Peter und Paul, am\u00a028. Juni, vom Rauriser\u00a0Seidlwinkltal\u00a0im Salzburger Land \u00fcber die Gro\u00dfglockner Hochalpenstra\u00dfe\u00a0bis nach Heiligenblut in K\u00e4rnten. Um 3 Uhr gings mit dem Tanzberger Reisen\u00a0 von der Faistenau, Richtung Rauris. Um ca. 06:30 Uhr startete die Wallfahrt vom Tauernhaus im Seidlwinkltal. Die Wallfahrts-Route [&hellip;]<\/p>\n","protected":false},"author":1,"featured_media":3119,"comment_status":"open","ping_status":"open","sticky":false,"template":"elementor_header_footer","format":"standard","meta":{"site-sidebar-layout":"default","site-content-layout":"default","ast-site-content-layout":"default","site-content-style":"default","site-sidebar-style":"default","ast-global-header-display":"","ast-banner-title-visibility":"","ast-main-header-display":"","ast-hfb-above-header-display":"","ast-hfb-below-header-display":"","ast-hfb-mobile-header-display":"","site-post-title":"","ast-breadcrumbs-content":"","ast-featured-img":"","footer-sml-layout":"","ast-disable-related-posts":"","theme-transparent-header-meta":"default","adv-header-id-meta":"","stick-header-meta":"","header-above-stick-meta":"","header-main-stick-meta":"","header-below-stick-meta":"","astra-migrate-meta-layouts":"default","ast-page-background-enabled":"default","ast-page-background-meta":{"desktop":{"background-color":"var(--ast-global-color-4)","background-image":"","background-repeat":"repeat","background-position":"center center","background-size":"auto","background-attachment":"scroll","background-type":"","background-media":"","overlay-type":"","overlay-color":"","overlay-opacity":"","overlay-gradient":""},"tablet":{"background-color":"","background-image":"","background-repeat":"repeat","background-position":"center center","background-size":"auto","background-attachment":"scroll","background-type":"","background-media":"","overlay-type":"","overlay-color":"","overlay-opacity":"","overlay-gradient":""},"mobile":{"background-color":"","background-image":"","background-repeat":"repeat","background-position":"center center","background-size":"auto","background-attachment":"scroll","background-type":"","background-media":"","overlay-type":"","overlay-color":"","overlay-opacity":"","overlay-gradient":""}},"ast-content-background-meta":{"desktop":{"background-color":"var(--ast-global-color-5)","background-image":"","background-repeat":"repeat","background-position":"center center","background-size":"auto","background-attachment":"scroll","background-type":"","background-media":"","overlay-type":"","overlay-color":"","overlay-opacity":"","overlay-gradient":""},"tablet":{"background-color":"var(--ast-global-color-5)","background-image":"","background-repeat":"repeat","background-position":"center center","background-size":"auto","background-attachment":"scroll","background-type":"","background-media":"","overlay-type":"","overlay-color":"","overlay-opacity":"","overlay-gradient":""},"mobile":{"background-color":"var(--ast-global-color-5)","background-image":"","background-repeat":"repeat","background-position":"center center","background-size":"auto","background-attachment":"scroll","background-type":"","background-media":"","overlay-type":"","overlay-color":"","overlay-opacity":"","overlay-gradient":""}},"footnotes":""},"categories":[7],"tags":[],"class_list":["post-3040","post","type-post","status-publish","format-standard","has-post-thumbnail","hentry","category-wandertagebuch-fuschlseeregion"],"yoast_head":"<!-- This site is optimized with the Yoast SEO plugin v27.4 - https:\/\/yoast.com\/product\/yoast-seo-wordpress\/ -->\n<title>Glocknerwallfahrt 2022 - Wanderbetrieb Fuschlseeregion<\/title>\n<meta name=\"description\" content=\"Glocknerwallfahrt 2022 Wallfahrer zu Peter und Paul, vom Rauriser \u00fcber die Gro\u00dfglockner Hochalpenstra\u00dfe bis nach Heiligenblut.\" \/>\n<meta name=\"robots\" content=\"index, follow, max-snippet:-1, max-image-preview:large, max-video-preview:-1\" \/>\n<link rel=\"canonical\" href=\"https:\/\/www.wanderbetrieb.at\/fr\/journal-de-randonnee-region-de-fuschlsee\/glockner-pelerinage-2022\/\" \/>\n<meta property=\"og:locale\" content=\"fr_FR\" \/>\n<meta property=\"og:type\" content=\"article\" \/>\n<meta property=\"og:title\" content=\"Glocknerwallfahrt 2022 - Wanderbetrieb Fuschlseeregion\" \/>\n<meta property=\"og:description\" content=\"Glocknerwallfahrt 2022 Wallfahrer zu Peter und Paul, vom Rauriser \u00fcber die Gro\u00dfglockner Hochalpenstra\u00dfe bis nach Heiligenblut.\" \/>\n<meta property=\"og:url\" content=\"https:\/\/www.wanderbetrieb.at\/fr\/journal-de-randonnee-region-de-fuschlsee\/glockner-pelerinage-2022\/\" \/>\n<meta property=\"og:site_name\" content=\"Wanderbetrieb Fuschlseeregion\" \/>\n<meta property=\"article:published_time\" content=\"2022-06-28T01:01:32+00:00\" \/>\n<meta property=\"article:modified_time\" content=\"2022-09-05T09:49:29+00:00\" \/>\n<meta property=\"og:image\" content=\"https:\/\/www.wanderbetrieb.at\/wp-content\/uploads\/2022\/06\/glocknerwallfahrt-2022-timeline.jpg\" \/>\n\t<meta property=\"og:image:width\" content=\"960\" \/>\n\t<meta property=\"og:image:height\" content=\"540\" \/>\n\t<meta property=\"og:image:type\" content=\"image\/jpeg\" \/>\n<meta name=\"author\" content=\"Wanderbetrieb\" \/>\n<meta name=\"twitter:card\" content=\"summary_large_image\" \/>\n<meta name=\"twitter:label1\" content=\"\u00c9crit par\" \/>\n\t<meta name=\"twitter:data1\" content=\"Wanderbetrieb\" \/>\n\t<meta name=\"twitter:label2\" content=\"Dur\u00e9e de lecture estim\u00e9e\" \/>\n\t<meta name=\"twitter:data2\" content=\"3 minutes\" \/>\n<script type=\"application\/ld+json\" class=\"yoast-schema-graph\">{\"@context\":\"https:\\\/\\\/schema.org\",\"@graph\":[{\"@type\":\"Article\",\"@id\":\"https:\\\/\\\/www.wanderbetrieb.at\\\/wandertagebuch-fuschlseeregion\\\/glockner-wallfahrt-2022\\\/#article\",\"isPartOf\":{\"@id\":\"https:\\\/\\\/www.wanderbetrieb.at\\\/wandertagebuch-fuschlseeregion\\\/glockner-wallfahrt-2022\\\/\"},\"author\":{\"name\":\"Wanderbetrieb\",\"@id\":\"https:\\\/\\\/www.wanderbetrieb.at\\\/#\\\/schema\\\/person\\\/906dfd69b680acc005986dfe16242e62\"},\"headline\":\"Glocknerwallfahrt 2022\",\"datePublished\":\"2022-06-28T01:01:32+00:00\",\"dateModified\":\"2022-09-05T09:49:29+00:00\",\"mainEntityOfPage\":{\"@id\":\"https:\\\/\\\/www.wanderbetrieb.at\\\/wandertagebuch-fuschlseeregion\\\/glockner-wallfahrt-2022\\\/\"},\"wordCount\":173,\"commentCount\":0,\"publisher\":{\"@id\":\"https:\\\/\\\/www.wanderbetrieb.at\\\/#organization\"},\"image\":{\"@id\":\"https:\\\/\\\/www.wanderbetrieb.at\\\/wandertagebuch-fuschlseeregion\\\/glockner-wallfahrt-2022\\\/#primaryimage\"},\"thumbnailUrl\":\"https:\\\/\\\/www.wanderbetrieb.at\\\/wp-content\\\/uploads\\\/2022\\\/06\\\/glocknerwallfahrt-2022-timeline.jpg\",\"articleSection\":[\"Wandertagebuch\"],\"inLanguage\":\"fr-FR\",\"potentialAction\":[{\"@type\":\"CommentAction\",\"name\":\"Comment\",\"target\":[\"https:\\\/\\\/www.wanderbetrieb.at\\\/wandertagebuch-fuschlseeregion\\\/glockner-wallfahrt-2022\\\/#respond\"]}]},{\"@type\":\"WebPage\",\"@id\":\"https:\\\/\\\/www.wanderbetrieb.at\\\/wandertagebuch-fuschlseeregion\\\/glockner-wallfahrt-2022\\\/\",\"url\":\"https:\\\/\\\/www.wanderbetrieb.at\\\/wandertagebuch-fuschlseeregion\\\/glockner-wallfahrt-2022\\\/\",\"name\":\"Glocknerwallfahrt 2022 - Wanderbetrieb Fuschlseeregion\",\"isPartOf\":{\"@id\":\"https:\\\/\\\/www.wanderbetrieb.at\\\/#website\"},\"primaryImageOfPage\":{\"@id\":\"https:\\\/\\\/www.wanderbetrieb.at\\\/wandertagebuch-fuschlseeregion\\\/glockner-wallfahrt-2022\\\/#primaryimage\"},\"image\":{\"@id\":\"https:\\\/\\\/www.wanderbetrieb.at\\\/wandertagebuch-fuschlseeregion\\\/glockner-wallfahrt-2022\\\/#primaryimage\"},\"thumbnailUrl\":\"https:\\\/\\\/www.wanderbetrieb.at\\\/wp-content\\\/uploads\\\/2022\\\/06\\\/glocknerwallfahrt-2022-timeline.jpg\",\"datePublished\":\"2022-06-28T01:01:32+00:00\",\"dateModified\":\"2022-09-05T09:49:29+00:00\",\"description\":\"Glocknerwallfahrt 2022 Wallfahrer zu Peter und Paul, vom Rauriser \u00fcber die Gro\u00dfglockner Hochalpenstra\u00dfe bis nach Heiligenblut.\",\"breadcrumb\":{\"@id\":\"https:\\\/\\\/www.wanderbetrieb.at\\\/wandertagebuch-fuschlseeregion\\\/glockner-wallfahrt-2022\\\/#breadcrumb\"},\"inLanguage\":\"fr-FR\",\"potentialAction\":[{\"@type\":\"ReadAction\",\"target\":[\"https:\\\/\\\/www.wanderbetrieb.at\\\/wandertagebuch-fuschlseeregion\\\/glockner-wallfahrt-2022\\\/\"]}]},{\"@type\":\"ImageObject\",\"inLanguage\":\"fr-FR\",\"@id\":\"https:\\\/\\\/www.wanderbetrieb.at\\\/wandertagebuch-fuschlseeregion\\\/glockner-wallfahrt-2022\\\/#primaryimage\",\"url\":\"https:\\\/\\\/www.wanderbetrieb.at\\\/wp-content\\\/uploads\\\/2022\\\/06\\\/glocknerwallfahrt-2022-timeline.jpg\",\"contentUrl\":\"https:\\\/\\\/www.wanderbetrieb.at\\\/wp-content\\\/uploads\\\/2022\\\/06\\\/glocknerwallfahrt-2022-timeline.jpg\",\"width\":960,\"height\":540,\"caption\":\"Glocknerwallfahrt 2022\"},{\"@type\":\"BreadcrumbList\",\"@id\":\"https:\\\/\\\/www.wanderbetrieb.at\\\/wandertagebuch-fuschlseeregion\\\/glockner-wallfahrt-2022\\\/#breadcrumb\",\"itemListElement\":[{\"@type\":\"ListItem\",\"position\":1,\"name\":\"Startseite\",\"item\":\"https:\\\/\\\/www.wanderbetrieb.at\\\/\"},{\"@type\":\"ListItem\",\"position\":2,\"name\":\"Glocknerwallfahrt 2022\"}]},{\"@type\":\"WebSite\",\"@id\":\"https:\\\/\\\/www.wanderbetrieb.at\\\/#website\",\"url\":\"https:\\\/\\\/www.wanderbetrieb.at\\\/\",\"name\":\"Wanderbetrieb Fuschlseeregion\",\"description\":\"\",\"publisher\":{\"@id\":\"https:\\\/\\\/www.wanderbetrieb.at\\\/#organization\"},\"potentialAction\":[{\"@type\":\"SearchAction\",\"target\":{\"@type\":\"EntryPoint\",\"urlTemplate\":\"https:\\\/\\\/www.wanderbetrieb.at\\\/?s={search_term_string}\"},\"query-input\":{\"@type\":\"PropertyValueSpecification\",\"valueRequired\":true,\"valueName\":\"search_term_string\"}}],\"inLanguage\":\"fr-FR\"},{\"@type\":\"Organization\",\"@id\":\"https:\\\/\\\/www.wanderbetrieb.at\\\/#organization\",\"name\":\"Pension Schierl - Wanderbetrieb in der Fuschlseeregion\",\"url\":\"https:\\\/\\\/www.wanderbetrieb.at\\\/\",\"logo\":{\"@type\":\"ImageObject\",\"inLanguage\":\"fr-FR\",\"@id\":\"https:\\\/\\\/www.wanderbetrieb.at\\\/#\\\/schema\\\/logo\\\/image\\\/\",\"url\":\"https:\\\/\\\/www.wanderbetrieb.at\\\/wp-content\\\/uploads\\\/2022\\\/05\\\/wanderbetrieb-premium.png\",\"contentUrl\":\"https:\\\/\\\/www.wanderbetrieb.at\\\/wp-content\\\/uploads\\\/2022\\\/05\\\/wanderbetrieb-premium.png\",\"width\":126,\"height\":136,\"caption\":\"Pension Schierl - Wanderbetrieb in der Fuschlseeregion\"},\"image\":{\"@id\":\"https:\\\/\\\/www.wanderbetrieb.at\\\/#\\\/schema\\\/logo\\\/image\\\/\"}},{\"@type\":\"Person\",\"@id\":\"https:\\\/\\\/www.wanderbetrieb.at\\\/#\\\/schema\\\/person\\\/906dfd69b680acc005986dfe16242e62\",\"name\":\"Wanderbetrieb\",\"sameAs\":[\"https:\\\/\\\/www.wanderbetrieb.at\"]}]}<\/script>\n<!-- \/ Yoast SEO plugin. -->","yoast_head_json":{"title":"P\u00e8lerinage du Glockner 2022 - Op\u00e9ration de randonn\u00e9e de la r\u00e9gion de Fuschlsee","description":"P\u00e8lerinage du Glockner 2022 p\u00e8lerins \u00e0 Pierre et Paul, du Rauriser via la route alpine du Grossglockner jusqu&#039;\u00e0 Heiligenblut.","robots":{"index":"index","follow":"follow","max-snippet":"max-snippet:-1","max-image-preview":"max-image-preview:large","max-video-preview":"max-video-preview:-1"},"canonical":"https:\/\/www.wanderbetrieb.at\/fr\/journal-de-randonnee-region-de-fuschlsee\/glockner-pelerinage-2022\/","og_locale":"fr_FR","og_type":"article","og_title":"Glocknerwallfahrt 2022 - Wanderbetrieb Fuschlseeregion","og_description":"Glocknerwallfahrt 2022 Wallfahrer zu Peter und Paul, vom Rauriser \u00fcber die Gro\u00dfglockner Hochalpenstra\u00dfe bis nach Heiligenblut.","og_url":"https:\/\/www.wanderbetrieb.at\/fr\/journal-de-randonnee-region-de-fuschlsee\/glockner-pelerinage-2022\/","og_site_name":"Wanderbetrieb Fuschlseeregion","article_published_time":"2022-06-28T01:01:32+00:00","article_modified_time":"2022-09-05T09:49:29+00:00","og_image":[{"width":960,"height":540,"url":"https:\/\/www.wanderbetrieb.at\/wp-content\/uploads\/2022\/06\/glocknerwallfahrt-2022-timeline.jpg","type":"image\/jpeg"}],"author":"Wanderbetrieb","twitter_card":"summary_large_image","twitter_misc":{"\u00c9crit par":"Wanderbetrieb","Dur\u00e9e de lecture estim\u00e9e":"3 minutes"},"schema":{"@context":"https:\/\/schema.org","@graph":[{"@type":"Article","@id":"https:\/\/www.wanderbetrieb.at\/wandertagebuch-fuschlseeregion\/glockner-wallfahrt-2022\/#article","isPartOf":{"@id":"https:\/\/www.wanderbetrieb.at\/wandertagebuch-fuschlseeregion\/glockner-wallfahrt-2022\/"},"author":{"name":"Wanderbetrieb","@id":"https:\/\/www.wanderbetrieb.at\/#\/schema\/person\/906dfd69b680acc005986dfe16242e62"},"headline":"Glocknerwallfahrt 2022","datePublished":"2022-06-28T01:01:32+00:00","dateModified":"2022-09-05T09:49:29+00:00","mainEntityOfPage":{"@id":"https:\/\/www.wanderbetrieb.at\/wandertagebuch-fuschlseeregion\/glockner-wallfahrt-2022\/"},"wordCount":173,"commentCount":0,"publisher":{"@id":"https:\/\/www.wanderbetrieb.at\/#organization"},"image":{"@id":"https:\/\/www.wanderbetrieb.at\/wandertagebuch-fuschlseeregion\/glockner-wallfahrt-2022\/#primaryimage"},"thumbnailUrl":"https:\/\/www.wanderbetrieb.at\/wp-content\/uploads\/2022\/06\/glocknerwallfahrt-2022-timeline.jpg","articleSection":["Wandertagebuch"],"inLanguage":"fr-FR","potentialAction":[{"@type":"CommentAction","name":"Comment","target":["https:\/\/www.wanderbetrieb.at\/wandertagebuch-fuschlseeregion\/glockner-wallfahrt-2022\/#respond"]}]},{"@type":"WebPage","@id":"https:\/\/www.wanderbetrieb.at\/wandertagebuch-fuschlseeregion\/glockner-wallfahrt-2022\/","url":"https:\/\/www.wanderbetrieb.at\/wandertagebuch-fuschlseeregion\/glockner-wallfahrt-2022\/","name":"P\u00e8lerinage du Glockner 2022 - Op\u00e9ration de randonn\u00e9e de la r\u00e9gion de Fuschlsee","isPartOf":{"@id":"https:\/\/www.wanderbetrieb.at\/#website"},"primaryImageOfPage":{"@id":"https:\/\/www.wanderbetrieb.at\/wandertagebuch-fuschlseeregion\/glockner-wallfahrt-2022\/#primaryimage"},"image":{"@id":"https:\/\/www.wanderbetrieb.at\/wandertagebuch-fuschlseeregion\/glockner-wallfahrt-2022\/#primaryimage"},"thumbnailUrl":"https:\/\/www.wanderbetrieb.at\/wp-content\/uploads\/2022\/06\/glocknerwallfahrt-2022-timeline.jpg","datePublished":"2022-06-28T01:01:32+00:00","dateModified":"2022-09-05T09:49:29+00:00","description":"P\u00e8lerinage du Glockner 2022 p\u00e8lerins \u00e0 Pierre et Paul, du Rauriser via la route alpine du Grossglockner jusqu&#039;\u00e0 Heiligenblut.","breadcrumb":{"@id":"https:\/\/www.wanderbetrieb.at\/wandertagebuch-fuschlseeregion\/glockner-wallfahrt-2022\/#breadcrumb"},"inLanguage":"fr-FR","potentialAction":[{"@type":"ReadAction","target":["https:\/\/www.wanderbetrieb.at\/wandertagebuch-fuschlseeregion\/glockner-wallfahrt-2022\/"]}]},{"@type":"ImageObject","inLanguage":"fr-FR","@id":"https:\/\/www.wanderbetrieb.at\/wandertagebuch-fuschlseeregion\/glockner-wallfahrt-2022\/#primaryimage","url":"https:\/\/www.wanderbetrieb.at\/wp-content\/uploads\/2022\/06\/glocknerwallfahrt-2022-timeline.jpg","contentUrl":"https:\/\/www.wanderbetrieb.at\/wp-content\/uploads\/2022\/06\/glocknerwallfahrt-2022-timeline.jpg","width":960,"height":540,"caption":"Glocknerwallfahrt 2022"},{"@type":"BreadcrumbList","@id":"https:\/\/www.wanderbetrieb.at\/wandertagebuch-fuschlseeregion\/glockner-wallfahrt-2022\/#breadcrumb","itemListElement":[{"@type":"ListItem","position":1,"name":"Startseite","item":"https:\/\/www.wanderbetrieb.at\/"},{"@type":"ListItem","position":2,"name":"Glocknerwallfahrt 2022"}]},{"@type":"WebSite","@id":"https:\/\/www.wanderbetrieb.at\/#website","url":"https:\/\/www.wanderbetrieb.at\/","name":"Entreprise de randonn\u00e9e r\u00e9gion de Fuschlsee","description":"","publisher":{"@id":"https:\/\/www.wanderbetrieb.at\/#organization"},"potentialAction":[{"@type":"SearchAction","target":{"@type":"EntryPoint","urlTemplate":"https:\/\/www.wanderbetrieb.at\/?s={search_term_string}"},"query-input":{"@type":"PropertyValueSpecification","valueRequired":true,"valueName":"search_term_string"}}],"inLanguage":"fr-FR"},{"@type":"Organization","@id":"https:\/\/www.wanderbetrieb.at\/#organization","name":"Pension Schierl - op\u00e9ration de randonn\u00e9e dans la r\u00e9gion de Fuschlsee","url":"https:\/\/www.wanderbetrieb.at\/","logo":{"@type":"ImageObject","inLanguage":"fr-FR","@id":"https:\/\/www.wanderbetrieb.at\/#\/schema\/logo\/image\/","url":"https:\/\/www.wanderbetrieb.at\/wp-content\/uploads\/2022\/05\/wanderbetrieb-premium.png","contentUrl":"https:\/\/www.wanderbetrieb.at\/wp-content\/uploads\/2022\/05\/wanderbetrieb-premium.png","width":126,"height":136,"caption":"Pension Schierl - Wanderbetrieb in der Fuschlseeregion"},"image":{"@id":"https:\/\/www.wanderbetrieb.at\/#\/schema\/logo\/image\/"}},{"@type":"Person","@id":"https:\/\/www.wanderbetrieb.at\/#\/schema\/person\/906dfd69b680acc005986dfe16242e62","name":"Op\u00e9ration randonn\u00e9e","sameAs":["https:\/\/www.wanderbetrieb.at"]}]}},"_links":{"self":[{"href":"https:\/\/www.wanderbetrieb.at\/fr\/wp-json\/wp\/v2\/posts\/3040","targetHints":{"allow":["GET"]}}],"collection":[{"href":"https:\/\/www.wanderbetrieb.at\/fr\/wp-json\/wp\/v2\/posts"}],"about":[{"href":"https:\/\/www.wanderbetrieb.at\/fr\/wp-json\/wp\/v2\/types\/post"}],"author":[{"embeddable":true,"href":"https:\/\/www.wanderbetrieb.at\/fr\/wp-json\/wp\/v2\/users\/1"}],"replies":[{"embeddable":true,"href":"https:\/\/www.wanderbetrieb.at\/fr\/wp-json\/wp\/v2\/comments?post=3040"}],"version-history":[{"count":35,"href":"https:\/\/www.wanderbetrieb.at\/fr\/wp-json\/wp\/v2\/posts\/3040\/revisions"}],"predecessor-version":[{"id":3120,"href":"https:\/\/www.wanderbetrieb.at\/fr\/wp-json\/wp\/v2\/posts\/3040\/revisions\/3120"}],"wp:featuredmedia":[{"embeddable":true,"href":"https:\/\/www.wanderbetrieb.at\/fr\/wp-json\/wp\/v2\/media\/3119"}],"wp:attachment":[{"href":"https:\/\/www.wanderbetrieb.at\/fr\/wp-json\/wp\/v2\/media?parent=3040"}],"wp:term":[{"taxonomy":"category","embeddable":true,"href":"https:\/\/www.wanderbetrieb.at\/fr\/wp-json\/wp\/v2\/categories?post=3040"},{"taxonomy":"post_tag","embeddable":true,"href":"https:\/\/www.wanderbetrieb.at\/fr\/wp-json\/wp\/v2\/tags?post=3040"}],"curies":[{"name":"wp","href":"https:\/\/api.w.org\/{rel}","templated":true}]}}