{"id":3165,"date":"2023-05-23T18:41:43","date_gmt":"2023-05-23T16:41:43","guid":{"rendered":"https:\/\/www.wanderbetrieb.at\/?p=3165"},"modified":"2024-04-02T22:35:19","modified_gmt":"2024-04-02T20:35:19","slug":"d3-pizzeria-2","status":"publish","type":"post","link":"https:\/\/www.wanderbetrieb.at\/fr\/kulinarik-in-der-fuschlseeregion\/cafeschierl\/","title":{"rendered":"La cuisine gastronomique de Colli au Caf\u00e9-Restaurant Schierl"},"content":{"rendered":"<div data-elementor-type=\"wp-post\" data-elementor-id=\"3165\" class=\"elementor elementor-3165\" data-elementor-post-type=\"post\">\n\t\t\t\t\t\t<section class=\"elementor-section elementor-top-section elementor-element elementor-element-3a494d5 elementor-section-full_width elementor-section-height-default elementor-section-height-default\" data-id=\"3a494d5\" data-element_type=\"section\" data-e-type=\"section\">\n\t\t\t\t\t\t<div class=\"elementor-container elementor-column-gap-default\">\n\t\t\t\t\t<div class=\"elementor-column elementor-col-100 elementor-top-column elementor-element elementor-element-1d8ffde\" data-id=\"1d8ffde\" data-element_type=\"column\" data-e-type=\"column\">\n\t\t\t<div class=\"elementor-widget-wrap elementor-element-populated\">\n\t\t\t\t\t\t<div class=\"elementor-element elementor-element-1cb653f elementor-widget elementor-widget-heading\" data-id=\"1cb653f\" data-element_type=\"widget\" data-e-type=\"widget\" data-widget_type=\"heading.default\">\n\t\t\t\t<div class=\"elementor-widget-container\">\n\t\t\t\t\t<h1 class=\"elementor-heading-title elementor-size-default\">La cuisine gastronomique de Colli au Caf\u00e9-Restaurant Schierl<\/h1>\t\t\t\t<\/div>\n\t\t\t\t<\/div>\n\t\t\t\t\t<\/div>\n\t\t<\/div>\n\t\t\t\t\t<\/div>\n\t\t<\/section>\n\t\t\t\t<section class=\"elementor-section elementor-top-section elementor-element elementor-element-4307196 elementor-section-full_width elementor-section-height-default elementor-section-height-default\" data-id=\"4307196\" data-element_type=\"section\" data-e-type=\"section\">\n\t\t\t\t\t\t<div class=\"elementor-container elementor-column-gap-default\">\n\t\t\t\t\t<div class=\"elementor-column elementor-col-66 elementor-top-column elementor-element elementor-element-7c86267\" data-id=\"7c86267\" data-element_type=\"column\" data-e-type=\"column\">\n\t\t\t<div class=\"elementor-widget-wrap elementor-element-populated\">\n\t\t\t\t\t\t<div class=\"elementor-element elementor-element-bf8c23d elementor-widget elementor-widget-gallery\" data-id=\"bf8c23d\" data-element_type=\"widget\" data-e-type=\"widget\" data-settings=\"{&quot;lazyload&quot;:&quot;yes&quot;,&quot;gallery_layout&quot;:&quot;grid&quot;,&quot;columns&quot;:4,&quot;columns_tablet&quot;:2,&quot;columns_mobile&quot;:1,&quot;gap&quot;:{&quot;unit&quot;:&quot;px&quot;,&quot;size&quot;:10,&quot;sizes&quot;:[]},&quot;gap_tablet&quot;:{&quot;unit&quot;:&quot;px&quot;,&quot;size&quot;:10,&quot;sizes&quot;:[]},&quot;gap_mobile&quot;:{&quot;unit&quot;:&quot;px&quot;,&quot;size&quot;:10,&quot;sizes&quot;:[]},&quot;link_to&quot;:&quot;file&quot;,&quot;aspect_ratio&quot;:&quot;3:2&quot;,&quot;overlay_background&quot;:&quot;yes&quot;,&quot;content_hover_animation&quot;:&quot;fade-in&quot;}\" data-widget_type=\"gallery.default\">\n\t\t\t\t<div class=\"elementor-widget-container\">\n\t\t\t\t\t\t\t<div class=\"elementor-gallery__container\">\n\t\t\t\t\t\t\t<a class=\"e-gallery-item elementor-gallery-item elementor-animated-content\" href=\"https:\/\/www.wanderbetrieb.at\/wp-content\/uploads\/2023\/05\/CafeSchierl.jpg\" data-elementor-open-lightbox=\"yes\" data-elementor-lightbox-slideshow=\"bf8c23d\" data-elementor-lightbox-title=\"CafeSchierl\" data-e-action-hash=\"#elementor-action%3Aaction%3Dlightbox%26settings%3DeyJpZCI6MzE3NSwidXJsIjoiaHR0cHM6XC9cL3d3dy53YW5kZXJiZXRyaWViLmF0XC93cC1jb250ZW50XC91cGxvYWRzXC8yMDIzXC8wNVwvQ2FmZVNjaGllcmwuanBnIiwic2xpZGVzaG93IjoiYmY4YzIzZCJ9\">\n\t\t\t\t\t<div class=\"e-gallery-image elementor-gallery-item__image\" data-thumbnail=\"https:\/\/www.wanderbetrieb.at\/wp-content\/uploads\/2023\/05\/CafeSchierl-300x225.jpg\" data-width=\"300\" data-height=\"225\" aria-label=\"\" role=\"img\" ><\/div>\n\t\t\t\t\t\t\t\t\t\t\t<div class=\"elementor-gallery-item__overlay\"><\/div>\n\t\t\t\t\t\t\t\t\t\t\t\t\t\t<\/a>\n\t\t\t\t\t\t\t<a class=\"e-gallery-item elementor-gallery-item elementor-animated-content\" href=\"https:\/\/www.wanderbetrieb.at\/wp-content\/uploads\/2023\/05\/CafeSchierl-Sandwitch.jpg\" data-elementor-open-lightbox=\"yes\" data-elementor-lightbox-slideshow=\"bf8c23d\" data-elementor-lightbox-title=\"CafeSchierl Sandwitch\" data-e-action-hash=\"#elementor-action%3Aaction%3Dlightbox%26settings%3DeyJpZCI6MzE3NCwidXJsIjoiaHR0cHM6XC9cL3d3dy53YW5kZXJiZXRyaWViLmF0XC93cC1jb250ZW50XC91cGxvYWRzXC8yMDIzXC8wNVwvQ2FmZVNjaGllcmwtU2FuZHdpdGNoLmpwZyIsInNsaWRlc2hvdyI6ImJmOGMyM2QifQ%3D%3D\">\n\t\t\t\t\t<div class=\"e-gallery-image elementor-gallery-item__image\" data-thumbnail=\"https:\/\/www.wanderbetrieb.at\/wp-content\/uploads\/2023\/05\/CafeSchierl-Sandwitch-300x225.jpg\" data-width=\"300\" data-height=\"225\" aria-label=\"\" role=\"img\" ><\/div>\n\t\t\t\t\t\t\t\t\t\t\t<div class=\"elementor-gallery-item__overlay\"><\/div>\n\t\t\t\t\t\t\t\t\t\t\t\t\t\t<\/a>\n\t\t\t\t\t\t\t<a class=\"e-gallery-item elementor-gallery-item elementor-animated-content\" href=\"https:\/\/www.wanderbetrieb.at\/wp-content\/uploads\/2023\/05\/CafeSchierl-Bowl.jpg\" data-elementor-open-lightbox=\"yes\" data-elementor-lightbox-slideshow=\"bf8c23d\" data-elementor-lightbox-title=\"CafeSchierl Bowl\" data-e-action-hash=\"#elementor-action%3Aaction%3Dlightbox%26settings%3DeyJpZCI6MzE3MywidXJsIjoiaHR0cHM6XC9cL3d3dy53YW5kZXJiZXRyaWViLmF0XC93cC1jb250ZW50XC91cGxvYWRzXC8yMDIzXC8wNVwvQ2FmZVNjaGllcmwtQm93bC5qcGciLCJzbGlkZXNob3ciOiJiZjhjMjNkIn0%3D\">\n\t\t\t\t\t<div class=\"e-gallery-image elementor-gallery-item__image\" data-thumbnail=\"https:\/\/www.wanderbetrieb.at\/wp-content\/uploads\/2023\/05\/CafeSchierl-Bowl-300x225.jpg\" data-width=\"300\" data-height=\"225\" aria-label=\"\" role=\"img\" ><\/div>\n\t\t\t\t\t\t\t\t\t\t\t<div class=\"elementor-gallery-item__overlay\"><\/div>\n\t\t\t\t\t\t\t\t\t\t\t\t\t\t<\/a>\n\t\t\t\t\t\t\t<a class=\"e-gallery-item elementor-gallery-item elementor-animated-content\" href=\"https:\/\/www.wanderbetrieb.at\/wp-content\/uploads\/2023\/05\/Cafe-Schierl-Speisezimmer.jpg\" data-elementor-open-lightbox=\"yes\" data-elementor-lightbox-slideshow=\"bf8c23d\" data-elementor-lightbox-title=\"Cafe Schierl Speisezimmer\" data-e-action-hash=\"#elementor-action%3Aaction%3Dlightbox%26settings%3DeyJpZCI6MzE3MiwidXJsIjoiaHR0cHM6XC9cL3d3dy53YW5kZXJiZXRyaWViLmF0XC93cC1jb250ZW50XC91cGxvYWRzXC8yMDIzXC8wNVwvQ2FmZS1TY2hpZXJsLVNwZWlzZXppbW1lci5qcGciLCJzbGlkZXNob3ciOiJiZjhjMjNkIn0%3D\">\n\t\t\t\t\t<div class=\"e-gallery-image elementor-gallery-item__image\" data-thumbnail=\"https:\/\/www.wanderbetrieb.at\/wp-content\/uploads\/2023\/05\/Cafe-Schierl-Speisezimmer-300x225.jpg\" data-width=\"300\" data-height=\"225\" aria-label=\"\" role=\"img\" ><\/div>\n\t\t\t\t\t\t\t\t\t\t\t<div class=\"elementor-gallery-item__overlay\"><\/div>\n\t\t\t\t\t\t\t\t\t\t\t\t\t\t<\/a>\n\t\t\t\t\t<\/div>\n\t\t\t\t\t<\/div>\n\t\t\t\t<\/div>\n\t\t\t\t<div class=\"elementor-element elementor-element-3c31699 elementor-widget elementor-widget-text-editor\" data-id=\"3c31699\" data-element_type=\"widget\" data-e-type=\"widget\" data-widget_type=\"text-editor.default\">\n\t\t\t\t<div class=\"elementor-widget-container\">\n\t\t\t\t\t\t\t\t\t<h4><span style=\"color: #374151; font-family: S\u00f6hne, ui-sans-serif, system-ui, -apple-system, 'Segoe UI', Roboto, Ubuntu, Cantarell, 'Noto Sans', sans-serif, 'Helvetica Neue', Arial, 'Apple Color Emoji', 'Segoe UI Emoji', 'Segoe UI Symbol', 'Noto Color Emoji'; font-size: 16px; white-space: pre-wrap; background-color: #f7f7f8;\"><b>Bienvenue au Caf\u00e9 Schierl de la Pension Schierl !<\/b><\/span><\/h4><p style=\"border-style: solid; border-color: #d9d9e3; --tw-border-spacing-x: 0; --tw-border-spacing-y: 0; --tw-translate-x: 0; --tw-translate-y: 0; --tw-rotate: 0; --tw-skew-x: 0; --tw-skew-y: 0; --tw-scale-x: 1; --tw-scale-y: 1; --tw-scroll-snap-strictness: proximity; --tw-ring-offset-width: 0px; --tw-ring-offset-color: #fff; --tw-ring-color: rgba(69,89,164,.5); --tw-ring-offset-shadow: 0 0 transparent; --tw-ring-shadow: 0 0 transparent; --tw-shadow: 0 0 transparent; --tw-shadow-colored: 0 0 transparent; margin-top: 1.25em; margin-bottom: 1.25em; color: #374151; font-family: S\u00f6hne, ui-sans-serif, system-ui, -apple-system, 'Segoe UI', Roboto, Ubuntu, Cantarell, 'Noto Sans', sans-serif, 'Helvetica Neue', Arial, 'Apple Color Emoji', 'Segoe UI Emoji', 'Segoe UI Symbol', 'Noto Color Emoji'; font-size: 16px; font-style: normal; font-weight: 400; white-space: pre-wrap; background-color: #f7f7f8;\">Savourez de d\u00e9licieux plats maison pr\u00e9par\u00e9s par notre talentueuse cheffe Colli, r\u00e9put\u00e9e pour ses cr\u00e9ations culinaires. Nich\u00e9 au c\u0153ur du paysage \u00e9poustouflant de Faistenau, vous d\u00e9couvrirez un caf\u00e9 \u00e0 l&#039;ambiance chaleureuse qui met \u00e9galement en valeur les produits du terroir.<\/p><p style=\"border-style: solid; border-color: #d9d9e3; --tw-border-spacing-x: 0; --tw-border-spacing-y: 0; --tw-translate-x: 0; --tw-translate-y: 0; --tw-rotate: 0; --tw-skew-x: 0; --tw-skew-y: 0; --tw-scale-x: 1; --tw-scale-y: 1; --tw-scroll-snap-strictness: proximity; --tw-ring-offset-width: 0px; --tw-ring-offset-color: #fff; --tw-ring-color: rgba(69,89,164,.5); --tw-ring-offset-shadow: 0 0 transparent; --tw-ring-shadow: 0 0 transparent; --tw-shadow: 0 0 transparent; --tw-shadow-colored: 0 0 transparent; margin-top: 1.25em; margin-bottom: 1.25em; color: #374151; font-family: S\u00f6hne, ui-sans-serif, system-ui, -apple-system, 'Segoe UI', Roboto, Ubuntu, Cantarell, 'Noto Sans', sans-serif, 'Helvetica Neue', Arial, 'Apple Color Emoji', 'Segoe UI Emoji', 'Segoe UI Symbol', 'Noto Color Emoji'; font-size: 16px; font-style: normal; white-space: pre-wrap; background-color: #f7f7f8;\"><span style=\"font-weight: 400;\">Notre <\/span><b>Horaires d&#039;ouvertures<\/b> depuis <b>du dimanche au mardi<\/b>, depuis <b>17h00 \u00e0 22h00<\/b> Notre caf\u00e9 est l&#039;endroit id\u00e9al pour faire une pause et savourer nos plats uniques. Notre carte, courte mais raffin\u00e9e, propose un large choix de plats v\u00e9g\u00e9taliens et v\u00e9g\u00e9tariens qui raviront les palais les plus exigeants.<\/p><p style=\"border-style: solid; border-color: #d9d9e3; --tw-border-spacing-x: 0; --tw-border-spacing-y: 0; --tw-translate-x: 0; --tw-translate-y: 0; --tw-rotate: 0; --tw-skew-x: 0; --tw-skew-y: 0; --tw-scale-x: 1; --tw-scale-y: 1; --tw-scroll-snap-strictness: proximity; --tw-ring-offset-width: 0px; --tw-ring-offset-color: #fff; --tw-ring-color: rgba(69,89,164,.5); --tw-ring-offset-shadow: 0 0 transparent; --tw-ring-shadow: 0 0 transparent; --tw-shadow: 0 0 transparent; --tw-shadow-colored: 0 0 transparent; margin-top: 1.25em; margin-bottom: 1.25em; color: #374151; font-family: S\u00f6hne, ui-sans-serif, system-ui, -apple-system, 'Segoe UI', Roboto, Ubuntu, Cantarell, 'Noto Sans', sans-serif, 'Helvetica Neue', Arial, 'Apple Color Emoji', 'Segoe UI Emoji', 'Segoe UI Symbol', 'Noto Color Emoji'; font-size: 16px; font-style: normal; font-weight: 400; white-space: pre-wrap; background-color: #f7f7f8;\">D\u00e9couvrez les saveurs authentiques de la r\u00e9gion et laissez-vous inspirer par nos ingr\u00e9dients frais et nos recettes cr\u00e9atives. Notre \u00e9quipe accorde une grande importance \u00e0 la qualit\u00e9 et \u00e0 la durabilit\u00e9, c&#039;est pourquoi nous veillons toujours \u00e0 ce que nos produits proviennent de producteurs locaux.<\/p><p style=\"border-style: solid; border-color: #d9d9e3; --tw-border-spacing-x: 0; --tw-border-spacing-y: 0; --tw-translate-x: 0; --tw-translate-y: 0; --tw-rotate: 0; --tw-skew-x: 0; --tw-skew-y: 0; --tw-scale-x: 1; --tw-scale-y: 1; --tw-scroll-snap-strictness: proximity; --tw-ring-offset-width: 0px; --tw-ring-offset-color: #fff; --tw-ring-color: rgba(69,89,164,.5); --tw-ring-offset-shadow: 0 0 transparent; --tw-ring-shadow: 0 0 transparent; --tw-shadow: 0 0 transparent; --tw-shadow-colored: 0 0 transparent; margin-top: 1.25em; margin-bottom: 1.25em; color: #374151; font-family: S\u00f6hne, ui-sans-serif, system-ui, -apple-system, 'Segoe UI', Roboto, Ubuntu, Cantarell, 'Noto Sans', sans-serif, 'Helvetica Neue', Arial, 'Apple Color Emoji', 'Segoe UI Emoji', 'Segoe UI Symbol', 'Noto Color Emoji'; font-size: 16px; font-style: normal; font-weight: 400; white-space: pre-wrap; background-color: #f7f7f8;\">Que vous ayez envie d&#039;une petite faim, d&#039;un plat principal copieux ou d&#039;une douceur pour terminer votre repas, vous trouverez votre bonheur chez nous. Notre caf\u00e9 vous propose une ambiance chaleureuse et une charmante terrasse o\u00f9 vous pourrez admirer la beaut\u00e9 des environs.<\/p><p style=\"border-style: solid; border-color: #d9d9e3; --tw-border-spacing-x: 0; --tw-border-spacing-y: 0; --tw-translate-x: 0; --tw-translate-y: 0; --tw-rotate: 0; --tw-skew-x: 0; --tw-skew-y: 0; --tw-scale-x: 1; --tw-scale-y: 1; --tw-scroll-snap-strictness: proximity; --tw-ring-offset-width: 0px; --tw-ring-offset-color: #fff; --tw-ring-color: rgba(69,89,164,.5); --tw-ring-offset-shadow: 0 0 transparent; --tw-ring-shadow: 0 0 transparent; --tw-shadow: 0 0 transparent; --tw-shadow-colored: 0 0 transparent; margin-top: 1.25em; margin-bottom: 1.25em; color: #374151; font-family: S\u00f6hne, ui-sans-serif, system-ui, -apple-system, 'Segoe UI', Roboto, Ubuntu, Cantarell, 'Noto Sans', sans-serif, 'Helvetica Neue', Arial, 'Apple Color Emoji', 'Segoe UI Emoji', 'Segoe UI Symbol', 'Noto Color Emoji'; font-size: 16px; font-style: normal; font-weight: 400; white-space: pre-wrap; background-color: #f7f7f8;\">Venez nous rendre visite au caf\u00e9 de la Pension Schierl et laissez-vous envo\u00fbter par nos d\u00e9lices culinaires. Nous serons ravis de vous accueillir dans une ambiance chaleureuse et de ravir vos papilles.<\/p><p style=\"border-style: solid; border-color: #d9d9e3; --tw-border-spacing-x: 0; --tw-border-spacing-y: 0; --tw-translate-x: 0; --tw-translate-y: 0; --tw-rotate: 0; --tw-skew-x: 0; --tw-skew-y: 0; --tw-scale-x: 1; --tw-scale-y: 1; --tw-scroll-snap-strictness: proximity; --tw-ring-offset-width: 0px; --tw-ring-offset-color: #fff; --tw-ring-color: rgba(69,89,164,.5); --tw-ring-offset-shadow: 0 0 transparent; --tw-ring-shadow: 0 0 transparent; --tw-shadow: 0 0 transparent; --tw-shadow-colored: 0 0 transparent; margin-top: 1.25em; margin-bottom: 1.25em; color: #374151; font-family: S\u00f6hne, ui-sans-serif, system-ui, -apple-system, 'Segoe UI', Roboto, Ubuntu, Cantarell, 'Noto Sans', sans-serif, 'Helvetica Neue', Arial, 'Apple Color Emoji', 'Segoe UI Emoji', 'Segoe UI Symbol', 'Noto Color Emoji'; font-size: 16px; font-style: normal; white-space: pre-wrap; background-color: #f7f7f8;\"><span style=\"font-weight: 400;\">Remarque\u00a0: En raison du nombre de places limit\u00e9, nous vous recommandons de r\u00e9server \u00e0 l\u2019avance afin de garantir votre place. N\u2019h\u00e9sitez pas \u00e0 nous contacter par t\u00e9l\u00e9phone au <\/span><b>06228 222 444<\/b>.<\/p><p style=\"border-style: solid; border-color: #d9d9e3; --tw-border-spacing-x: 0; --tw-border-spacing-y: 0; --tw-translate-x: 0; --tw-translate-y: 0; --tw-rotate: 0; --tw-skew-x: 0; --tw-skew-y: 0; --tw-scale-x: 1; --tw-scale-y: 1; --tw-scroll-snap-strictness: proximity; --tw-ring-offset-width: 0px; --tw-ring-offset-color: #fff; --tw-ring-color: rgba(69,89,164,.5); --tw-ring-offset-shadow: 0 0 transparent; --tw-ring-shadow: 0 0 transparent; --tw-shadow: 0 0 transparent; --tw-shadow-colored: 0 0 transparent; margin-top: 1.25em; color: #374151; font-family: S\u00f6hne, ui-sans-serif, system-ui, -apple-system, 'Segoe UI', Roboto, Ubuntu, Cantarell, 'Noto Sans', sans-serif, 'Helvetica Neue', Arial, 'Apple Color Emoji', 'Segoe UI Emoji', 'Segoe UI Symbol', 'Noto Color Emoji'; font-size: 16px; font-style: normal; font-weight: 400; white-space: pre-wrap; background-color: #f7f7f8;\">Nous serons ravis de vous accueillir au caf\u00e9 de la Pension Schierl !<\/p>\t\t\t\t\t\t\t\t<\/div>\n\t\t\t\t<\/div>\n\t\t\t\t\t<\/div>\n\t\t<\/div>\n\t\t\t\t<div class=\"elementor-column elementor-col-33 elementor-top-column elementor-element elementor-element-6d4990a\" data-id=\"6d4990a\" data-element_type=\"column\" data-e-type=\"column\">\n\t\t\t<div class=\"elementor-widget-wrap elementor-element-populated\">\n\t\t\t\t\t\t<div class=\"elementor-element elementor-element-1c23a4b elementor-widget elementor-widget-heading\" data-id=\"1c23a4b\" data-element_type=\"widget\" data-e-type=\"widget\" data-widget_type=\"heading.default\">\n\t\t\t\t<div class=\"elementor-widget-container\">\n\t\t\t\t\t<h3 class=\"elementor-heading-title elementor-size-default\">r\u00e9servation de table<\/h3>\t\t\t\t<\/div>\n\t\t\t\t<\/div>\n\t\t\t\t<div class=\"elementor-element elementor-element-b8d9ba5 elementor-widget elementor-widget-text-editor\" data-id=\"b8d9ba5\" data-element_type=\"widget\" data-e-type=\"widget\" data-widget_type=\"text-editor.default\">\n\t\t\t\t<div class=\"elementor-widget-container\">\n\t\t\t\t\t\t\t\t\t<p>Volontiers par t\u00e9l\u00e9phone au&nbsp;<br><span style=\"font-size: 16px;\">Non.: <\/span><strong><span style=\"font-size: 16px;\">+<\/span><\/strong><strong style=\"font-size: 16px; font-style: normal;\">43 6228 222444<\/strong><\/p>\t\t\t\t\t\t\t\t<\/div>\n\t\t\t\t<\/div>\n\t\t\t\t<div class=\"elementor-element elementor-element-5cb4110 elementor-widget elementor-widget-heading\" data-id=\"5cb4110\" data-element_type=\"widget\" data-e-type=\"widget\" data-widget_type=\"heading.default\">\n\t\t\t\t<div class=\"elementor-widget-container\">\n\t\t\t\t\t<h3 class=\"elementor-heading-title elementor-size-default\">Contacter<\/h3>\t\t\t\t<\/div>\n\t\t\t\t<\/div>\n\t\t\t\t<div class=\"elementor-element elementor-element-d8ada21 elementor-widget elementor-widget-uael-business-hours\" data-id=\"d8ada21\" data-element_type=\"widget\" data-e-type=\"widget\" data-settings=\"{&quot;section_bs_list_padding&quot;:{&quot;unit&quot;:&quot;px&quot;,&quot;top&quot;:&quot;2&quot;,&quot;right&quot;:&quot;2&quot;,&quot;bottom&quot;:&quot;2&quot;,&quot;left&quot;:&quot;2&quot;,&quot;isLinked&quot;:true},&quot;section_bs_list_padding_tablet&quot;:{&quot;unit&quot;:&quot;px&quot;,&quot;top&quot;:&quot;&quot;,&quot;right&quot;:&quot;&quot;,&quot;bottom&quot;:&quot;&quot;,&quot;left&quot;:&quot;&quot;,&quot;isLinked&quot;:true},&quot;section_bs_list_padding_mobile&quot;:{&quot;unit&quot;:&quot;px&quot;,&quot;top&quot;:&quot;&quot;,&quot;right&quot;:&quot;&quot;,&quot;bottom&quot;:&quot;&quot;,&quot;left&quot;:&quot;&quot;,&quot;isLinked&quot;:true}}\" data-widget_type=\"uael-business-hours.default\">\n\t\t\t\t<div class=\"elementor-widget-container\">\n\t\t\t\t\t\t<div class=\"uael-business-scheduler-box-wrapper\">\n\t\t\t<div class=\"uael-days\">\n\t\t\t\t\t\t\t<!-- CURRENT_ITEM div -->\n\t\t\t\t<div class=\"elementor-repeater-item-bb9c649 top-border-divider stripes\">\n\t\t\t\t\t<div class=\"uael-inner\">\n\t\t\t\t\t\t<span class=\"heading-date uael-business-day\">\n\t\t\t\t\t\t\t<span>Dimanche<\/span>\n\t\t\t\t\t\t<\/span>\n\n\t\t\t\t\t\t<span class=\"heading-time uael-business-time\">\n\t\t\t\t\t\t\t<span class=\"inner-heading-time\">\n\t\t\t\t\t\t\t\t<span>15h00 - 22h00<\/span>\n\t\t\t\t\t\t\t<\/span>\n\t\t\t\t\t\t<\/span>\n\t\t\t\t\t<\/div>\n\t\t\t\t<\/div>\n\t\t\t\t\t\t\t\t<!-- CURRENT_ITEM div -->\n\t\t\t\t<div class=\"elementor-repeater-item-eb4cf6a top-border-divider stripes\">\n\t\t\t\t\t<div class=\"uael-inner uael-inner\">\n\t\t\t\t\t\t<span class=\"heading-date uael-business-day\">\n\t\t\t\t\t\t\t<span>Lundi<\/span>\n\t\t\t\t\t\t<\/span>\n\n\t\t\t\t\t\t<span class=\"heading-time uael-business-time\">\n\t\t\t\t\t\t\t<span class=\"inner-heading-time inner-heading-time\">\n\t\t\t\t\t\t\t\t<span>15h00 - 22h00<\/span>\n\t\t\t\t\t\t\t<\/span>\n\t\t\t\t\t\t<\/span>\n\t\t\t\t\t<\/div>\n\t\t\t\t<\/div>\n\t\t\t\t\t\t\t\t<!-- CURRENT_ITEM div -->\n\t\t\t\t<div class=\"elementor-repeater-item-e236ffd top-border-divider stripes\">\n\t\t\t\t\t<div class=\"uael-inner uael-inner uael-inner\">\n\t\t\t\t\t\t<span class=\"heading-date uael-business-day\">\n\t\t\t\t\t\t\t<span>Mardi<\/span>\n\t\t\t\t\t\t<\/span>\n\n\t\t\t\t\t\t<span class=\"heading-time uael-business-time\">\n\t\t\t\t\t\t\t<span class=\"inner-heading-time inner-heading-time inner-heading-time\">\n\t\t\t\t\t\t\t\t<span>15h00 - 22h00<\/span>\n\t\t\t\t\t\t\t<\/span>\n\t\t\t\t\t\t<\/span>\n\t\t\t\t\t<\/div>\n\t\t\t\t<\/div>\n\t\t\t\t\t\t<\/div>\n\t\t<\/div>\n\t\t\t\t\t<\/div>\n\t\t\t\t<\/div>\n\t\t\t\t<div class=\"elementor-element elementor-element-71fabd3 elementor-icon-list--layout-traditional elementor-list-item-link-full_width elementor-widget elementor-widget-icon-list\" data-id=\"71fabd3\" data-element_type=\"widget\" data-e-type=\"widget\" data-widget_type=\"icon-list.default\">\n\t\t\t\t<div class=\"elementor-widget-container\">\n\t\t\t\t\t\t\t<ul class=\"elementor-icon-list-items\">\n\t\t\t\t\t\t\t<li class=\"elementor-icon-list-item\">\n\t\t\t\t\t\t\t\t\t\t\t<a href=\"\/fr\/tel+4362282566\/\">\n\n\t\t\t\t\t\t\t\t\t\t\t\t<span class=\"elementor-icon-list-icon\">\n\t\t\t\t\t\t\t<i aria-hidden=\"true\" class=\"fas fa-phone-alt\"><\/i>\t\t\t\t\t\t<\/span>\n\t\t\t\t\t\t\t\t\t\t<span class=\"elementor-icon-list-text\"> +43 6228 222 444<\/span>\n\t\t\t\t\t\t\t\t\t\t\t<\/a>\n\t\t\t\t\t\t\t\t\t<\/li>\n\t\t\t\t\t\t\t\t<li class=\"elementor-icon-list-item\">\n\t\t\t\t\t\t\t\t\t\t\t<a href=\"http:\/\/www.pensionschierl.at\/cafe\" target=\"_blank\" rel=\"nofollow\">\n\n\t\t\t\t\t\t\t\t\t\t\t\t<span class=\"elementor-icon-list-icon\">\n\t\t\t\t\t\t\t<i aria-hidden=\"true\" class=\"far fa-star\"><\/i>\t\t\t\t\t\t<\/span>\n\t\t\t\t\t\t\t\t\t\t<span class=\"elementor-icon-list-text\">http:\/\/www.pensiopnschierl.at<\/span>\n\t\t\t\t\t\t\t\t\t\t\t<\/a>\n\t\t\t\t\t\t\t\t\t<\/li>\n\t\t\t\t\t\t\t\t<li class=\"elementor-icon-list-item\">\n\t\t\t\t\t\t\t\t\t\t\t<a href=\"http:\/\/cafe@pensionschierl.at\">\n\n\t\t\t\t\t\t\t\t\t\t\t\t<span class=\"elementor-icon-list-icon\">\n\t\t\t\t\t\t\t<i aria-hidden=\"true\" class=\"fas fa-paper-plane\"><\/i>\t\t\t\t\t\t<\/span>\n\t\t\t\t\t\t\t\t\t\t<span class=\"elementor-icon-list-text\">cafe@pensionschierl.at<\/span>\n\t\t\t\t\t\t\t\t\t\t\t<\/a>\n\t\t\t\t\t\t\t\t\t<\/li>\n\t\t\t\t\t\t\t\t<li class=\"elementor-icon-list-item\">\n\t\t\t\t\t\t\t\t\t\t\t<span class=\"elementor-icon-list-icon\">\n\t\t\t\t\t\t\t<i aria-hidden=\"true\" class=\"fas fa-home\"><\/i>\t\t\t\t\t\t<\/span>\n\t\t\t\t\t\t\t\t\t\t<span class=\"elementor-icon-list-text\">Dorfstra\u00dfe 3, 5324 Faistenau, Autriche<\/span>\n\t\t\t\t\t\t\t\t\t<\/li>\n\t\t\t\t\t\t\t\t<li class=\"elementor-icon-list-item\">\n\t\t\t\t\t\t\t\t\t\t\t<a href=\"https:\/\/www.google.at\/maps\/place\/D3\/@47.7786371,13.2341385,21z\/data=!4m5!3m4!1s0x4776bd937ccab081:0xecdf8cbe006f424b!8m2!3d47.7786422!4d13.2343092?hl=de\" target=\"_blank\" rel=\"nofollow\">\n\n\t\t\t\t\t\t\t\t\t\t\t\t<span class=\"elementor-icon-list-icon\">\n\t\t\t\t\t\t\t<i aria-hidden=\"true\" class=\"fas fa-map-marker-alt\"><\/i>\t\t\t\t\t\t<\/span>\n\t\t\t\t\t\t\t\t\t\t<span class=\"elementor-icon-list-text\">Google Maps<\/span>\n\t\t\t\t\t\t\t\t\t\t\t<\/a>\n\t\t\t\t\t\t\t\t\t<\/li>\n\t\t\t\t\t\t<\/ul>\n\t\t\t\t\t\t<\/div>\n\t\t\t\t<\/div>\n\t\t\t\t<section class=\"elementor-section elementor-inner-section elementor-element elementor-element-927d056 elementor-section-boxed elementor-section-height-default elementor-section-height-default\" data-id=\"927d056\" data-element_type=\"section\" data-e-type=\"section\" data-settings=\"{&quot;background_background&quot;:&quot;classic&quot;}\">\n\t\t\t\t\t\t<div class=\"elementor-container elementor-column-gap-default\">\n\t\t\t\t\t<div class=\"elementor-column elementor-col-50 elementor-inner-column elementor-element elementor-element-4183b03\" data-id=\"4183b03\" data-element_type=\"column\" data-e-type=\"column\">\n\t\t\t<div class=\"elementor-widget-wrap elementor-element-populated\">\n\t\t\t\t\t\t<div class=\"elementor-element elementor-element-988ccd5 elementor-widget elementor-widget-heading\" data-id=\"988ccd5\" data-element_type=\"widget\" data-e-type=\"widget\" data-widget_type=\"heading.default\">\n\t\t\t\t<div class=\"elementor-widget-container\">\n\t\t\t\t\t<h3 class=\"elementor-heading-title elementor-size-default\">itin\u00e9raire<\/h3>\t\t\t\t<\/div>\n\t\t\t\t<\/div>\n\t\t\t\t<div class=\"elementor-element elementor-element-acd7857 elementor-widget__width-inherit elementor-widget elementor-widget-masterqrcode_elemnts\" data-id=\"acd7857\" data-element_type=\"widget\" data-e-type=\"widget\" data-widget_type=\"masterqrcode_elemnts.default\">\n\t\t\t\t<div class=\"elementor-widget-container\">\n\t\t\t\t\t        <div class=\"master_elementr_wrapeer\">\r\n\r\n          <div class=\"qrc_canvas\" id=\"MAsterOut-73587\" data-qrwidth=\"110\" data-qrlogow=\"55\" data-qrlogoh=\"55\" data-qrheight=\"110\" data-qrcontent=\"geo:47.7786741224925,13.234344143911608?q=D3 Pizzeria Dorfstra\u00dfe 3, 5324 Faistenau\" data-qrbgcolor=\"#fff\" data-qrcolor=\"#1C0457\" data-qrlogo=\"\" data-pi=\"#077707\" data-po=\"#436801\" data-ai=\"#6F0471\" data-ao=\"#42066E\" data-pitl=\"#160764\" data-potl=\"#3039BF\" data-dotsccale=\"0.8\" data-backgroundalpha=\"\" data-backgroundimage=\"\" data-timing=\"#1C0457\" data-timingv=\"#1C0457\">\r\n\r\n          <\/div>\r\n           <div  class=\"master_elementr_child\" style=\"    display: flex\">\r\n          <div style=\"width:110px;display:flex;align-items: center;justify-content: right;font-size: small\">\r\n                \r\n                              <\/div>\r\n            <\/div>\r\n          <\/div>\r\n\t\t\t\t<\/div>\n\t\t\t\t<\/div>\n\t\t\t\t\t<\/div>\n\t\t<\/div>\n\t\t\t\t<div class=\"elementor-column elementor-col-50 elementor-inner-column elementor-element elementor-element-acfd8a4\" data-id=\"acfd8a4\" data-element_type=\"column\" data-e-type=\"column\">\n\t\t\t<div class=\"elementor-widget-wrap elementor-element-populated\">\n\t\t\t\t\t\t<div class=\"elementor-element elementor-element-0635356 elementor-widget elementor-widget-heading\" data-id=\"0635356\" data-element_type=\"widget\" data-e-type=\"widget\" data-widget_type=\"heading.default\">\n\t\t\t\t<div class=\"elementor-widget-container\">\n\t\t\t\t\t<h3 class=\"elementor-heading-title elementor-size-default\">Carte V<\/h3>\t\t\t\t<\/div>\n\t\t\t\t<\/div>\n\t\t\t\t<div class=\"elementor-element elementor-element-392636a elementor-widget__width-inherit elementor-widget elementor-widget-masterqrcode_elemnts\" data-id=\"392636a\" data-element_type=\"widget\" data-e-type=\"widget\" data-widget_type=\"masterqrcode_elemnts.default\">\n\t\t\t\t<div class=\"elementor-widget-container\">\n\t\t\t\t\t        <div class=\"master_elementr_wrapeer\">\r\n\r\n          <div class=\"qrc_canvas\" id=\"MAsterOut-22894\" data-qrwidth=\"130\" data-qrlogow=\"55\" data-qrlogoh=\"55\" data-qrheight=\"130\" data-qrcontent=\"BEGIN:VCARDVERSION:3.0N:Caf\u00e9 SchierlORG:Caf\u00e9 SchierlTITLE:TEL:+43 6228 222444TEL:URL:http:\/\/www.Caf\u00e9 Schierl\/cafeEMAIL:cafe@pensionschierl.atADR:D3 Pizzeria, Dorfstra\u00dfe 3, 5324 Faistenau, AustriaNOTE:END:VCARD\" data-qrbgcolor=\"#fff\" data-qrcolor=\"#1C0457\" data-qrlogo=\"\" data-pi=\"#077707\" data-po=\"#436801\" data-ai=\"#6F0471\" data-ao=\"#42066E\" data-pitl=\"#160764\" data-potl=\"#3039BF\" data-dotsccale=\"0.8\" data-backgroundalpha=\"\" data-backgroundimage=\"\" data-timing=\"#1C0457\" data-timingv=\"#1C0457\">\r\n\r\n          <\/div>\r\n           <div  class=\"master_elementr_child\" style=\"    display: flex\">\r\n          <div style=\"width:130px;display:flex;align-items: center;justify-content: right;font-size: small\">\r\n                \r\n                              <\/div>\r\n            <\/div>\r\n          <\/div>\r\n\t\t\t\t<\/div>\n\t\t\t\t<\/div>\n\t\t\t\t\t<\/div>\n\t\t<\/div>\n\t\t\t\t\t<\/div>\n\t\t<\/section>\n\t\t\t\t\t<\/div>\n\t\t<\/div>\n\t\t\t\t\t<\/div>\n\t\t<\/section>\n\t\t\t\t<\/div>\n\t\t<div id=\"masterqrPost\" style=\"text-align:left\"><\/div><div class =\"mqrbtnalign\" style=\"    display: flex;justify-content:left\"><div style=\"width:254px;display:flex;align-items: center;justify-content: center;font-size: small\"><a id=\"downloadbuton2\" download=\"Colli&#8217;s Schmankerlk\u00fcche im Caf\u00e9 &#8211; Restaurant Schierl.png\" class=\"btn_fromt_canvas\" style=\"color:#fff;background:#16601a;\">T\u00e9l\u00e9charger QR\n                <\/a><a id=\"printButtoncont\" style=\"margin-left:10px;color:#fff;background:#e53463\";>Imprimer QR<\/a>\n                <div><\/div><script>function masterqrCurrentPAge(){new QRCode(document.getElementById(\"masterqrPost\"),{text: \"https:\/\/www.wanderbetrieb.at\/fr\/wp-json\/wp\/v2\/posts\/3165\", width: 254, height: 254, colorDark: \"#000000\", colorLight:\"#fff\", PI: \"#000000\", PO: \"#000000\", AI: \"#000000\", AO: \"#000000\", PI_TL: \"#000000\", PO_TL: \"#000000\", logo: \"\", logoWidth: 55, logoHeight: 55, logoBackgroundTransparent: true, backgroundImage: \"\", dotScale: \"0.6\", timing: \"#000000\", timing_V: \"#000000\", backgroundImageAlpha: \"0.3\",});}masterqrCurrentPAge(); <\/script>","protected":false},"excerpt":{"rendered":"<p>Willkommen im Caf\u00e9 Schierl in der Pension Schierl! Genie\u00dfen Sie k\u00f6stliche hausgemachte Speisen, zubereitet von unserer talentierten Chefin Colli, die f\u00fcr ihre kulinarischen Kreationen bekannt ist. Inmitten der atemberaubenden Landschaft von Faistenau erwartet Sie ein Caf\u00e9, das nicht nur einladend ist, sondern auch mit regionalen Produkten gl\u00e4nzt. Unsere \u00d6ffnungszeiten von Sonntag bis Dienstag, von 17:00 [&hellip;]<\/p>\n","protected":false},"author":1,"featured_media":3175,"comment_status":"open","ping_status":"open","sticky":false,"template":"","format":"standard","meta":{"site-sidebar-layout":"default","site-content-layout":"default","ast-site-content-layout":"default","site-content-style":"default","site-sidebar-style":"default","ast-global-header-display":"","ast-banner-title-visibility":"","ast-main-header-display":"","ast-hfb-above-header-display":"","ast-hfb-below-header-display":"","ast-hfb-mobile-header-display":"","site-post-title":"","ast-breadcrumbs-content":"","ast-featured-img":"","footer-sml-layout":"","ast-disable-related-posts":"","theme-transparent-header-meta":"default","adv-header-id-meta":"","stick-header-meta":"","header-above-stick-meta":"","header-main-stick-meta":"","header-below-stick-meta":"","astra-migrate-meta-layouts":"set","ast-page-background-enabled":"default","ast-page-background-meta":{"desktop":{"background-color":"var(--ast-global-color-4)","background-image":"","background-repeat":"repeat","background-position":"center center","background-size":"auto","background-attachment":"scroll","background-type":"","background-media":"","overlay-type":"","overlay-color":"","overlay-opacity":"","overlay-gradient":""},"tablet":{"background-color":"","background-image":"","background-repeat":"repeat","background-position":"center center","background-size":"auto","background-attachment":"scroll","background-type":"","background-media":"","overlay-type":"","overlay-color":"","overlay-opacity":"","overlay-gradient":""},"mobile":{"background-color":"","background-image":"","background-repeat":"repeat","background-position":"center center","background-size":"auto","background-attachment":"scroll","background-type":"","background-media":"","overlay-type":"","overlay-color":"","overlay-opacity":"","overlay-gradient":""}},"ast-content-background-meta":{"desktop":{"background-color":"var(--ast-global-color-5)","background-image":"","background-repeat":"repeat","background-position":"center center","background-size":"auto","background-attachment":"scroll","background-type":"","background-media":"","overlay-type":"","overlay-color":"","overlay-opacity":"","overlay-gradient":""},"tablet":{"background-color":"var(--ast-global-color-5)","background-image":"","background-repeat":"repeat","background-position":"center center","background-size":"auto","background-attachment":"scroll","background-type":"","background-media":"","overlay-type":"","overlay-color":"","overlay-opacity":"","overlay-gradient":""},"mobile":{"background-color":"var(--ast-global-color-5)","background-image":"","background-repeat":"repeat","background-position":"center center","background-size":"auto","background-attachment":"scroll","background-type":"","background-media":"","overlay-type":"","overlay-color":"","overlay-opacity":"","overlay-gradient":""}},"footnotes":""},"categories":[6],"tags":[],"class_list":["post-3165","post","type-post","status-publish","format-standard","has-post-thumbnail","hentry","category-kulinarik-in-der-fuschlseeregion"],"yoast_head":"<!-- This site is optimized with the Yoast SEO plugin v27.4 - https:\/\/yoast.com\/product\/yoast-seo-wordpress\/ -->\n<title>Colli&#039;s Schmankerlk\u00fcche im Caf\u00e9 - Restaurant Schierl - Wanderbetrieb Fuschlseeregion<\/title>\n<meta name=\"description\" content=\"Colli&#039;s Schmankerlk\u00fcche im Caf\u00e9 - Restaurant Schierl Seit 2020 gib es in der Pension Schierl eine Pizzeria, die Sie nicht nur mit Pizzen kulinarisch verw\u00f6hnt. Koka bedient Sie von Freitag bis Dienstag von 17:00 bis 23:00.Genie\u00dfen Sie bei einem guten Glas Wein und chilliger Musik ihren Urlaub.\" \/>\n<meta name=\"robots\" content=\"index, follow, max-snippet:-1, max-image-preview:large, max-video-preview:-1\" \/>\n<link rel=\"canonical\" href=\"https:\/\/www.wanderbetrieb.at\/fr\/delices-culinaires-region-de-fuschlsee\/d3-pizzeria-2\/\" \/>\n<meta property=\"og:locale\" content=\"fr_FR\" \/>\n<meta property=\"og:type\" content=\"article\" \/>\n<meta property=\"og:title\" content=\"Colli&#039;s Schmankerlk\u00fcche im Caf\u00e9 - Restaurant Schierl - Wanderbetrieb Fuschlseeregion\" \/>\n<meta property=\"og:description\" content=\"Colli&#039;s Schmankerlk\u00fcche im Caf\u00e9 - Restaurant Schierl Seit 2020 gib es in der Pension Schierl eine Pizzeria, die Sie nicht nur mit Pizzen kulinarisch verw\u00f6hnt. Koka bedient Sie von Freitag bis Dienstag von 17:00 bis 23:00.Genie\u00dfen Sie bei einem guten Glas Wein und chilliger Musik ihren Urlaub.\" \/>\n<meta property=\"og:url\" content=\"https:\/\/www.wanderbetrieb.at\/fr\/delices-culinaires-region-de-fuschlsee\/d3-pizzeria-2\/\" \/>\n<meta property=\"og:site_name\" content=\"Wanderbetrieb Fuschlseeregion\" \/>\n<meta property=\"article:published_time\" content=\"2023-05-23T16:41:43+00:00\" \/>\n<meta property=\"article:modified_time\" content=\"2024-04-02T20:35:19+00:00\" \/>\n<meta property=\"og:image\" content=\"https:\/\/www.wanderbetrieb.at\/wp-content\/uploads\/2023\/05\/CafeSchierl.jpg\" \/>\n\t<meta property=\"og:image:width\" content=\"960\" \/>\n\t<meta property=\"og:image:height\" content=\"720\" \/>\n\t<meta property=\"og:image:type\" content=\"image\/jpeg\" \/>\n<meta name=\"author\" content=\"Wanderbetrieb\" \/>\n<meta name=\"twitter:card\" content=\"summary_large_image\" \/>\n<meta name=\"twitter:label1\" content=\"\u00c9crit par\" \/>\n\t<meta name=\"twitter:data1\" content=\"Wanderbetrieb\" \/>\n\t<meta name=\"twitter:label2\" content=\"Dur\u00e9e de lecture estim\u00e9e\" \/>\n\t<meta name=\"twitter:data2\" content=\"2 minutes\" \/>\n<script type=\"application\/ld+json\" class=\"yoast-schema-graph\">{\"@context\":\"https:\\\/\\\/schema.org\",\"@graph\":[{\"@type\":\"Article\",\"@id\":\"https:\\\/\\\/www.wanderbetrieb.at\\\/kulinarik-in-der-fuschlseeregion\\\/cafeschierl\\\/#article\",\"isPartOf\":{\"@id\":\"https:\\\/\\\/www.wanderbetrieb.at\\\/kulinarik-in-der-fuschlseeregion\\\/cafeschierl\\\/\"},\"author\":{\"name\":\"Wanderbetrieb\",\"@id\":\"https:\\\/\\\/www.wanderbetrieb.at\\\/#\\\/schema\\\/person\\\/906dfd69b680acc005986dfe16242e62\"},\"headline\":\"Colli&#8217;s Schmankerlk\u00fcche im Caf\u00e9 &#8211; Restaurant Schierl\",\"datePublished\":\"2023-05-23T16:41:43+00:00\",\"dateModified\":\"2024-04-02T20:35:19+00:00\",\"mainEntityOfPage\":{\"@id\":\"https:\\\/\\\/www.wanderbetrieb.at\\\/kulinarik-in-der-fuschlseeregion\\\/cafeschierl\\\/\"},\"wordCount\":310,\"commentCount\":0,\"publisher\":{\"@id\":\"https:\\\/\\\/www.wanderbetrieb.at\\\/#organization\"},\"image\":{\"@id\":\"https:\\\/\\\/www.wanderbetrieb.at\\\/kulinarik-in-der-fuschlseeregion\\\/cafeschierl\\\/#primaryimage\"},\"thumbnailUrl\":\"https:\\\/\\\/www.wanderbetrieb.at\\\/wp-content\\\/uploads\\\/2023\\\/05\\\/CafeSchierl.jpg\",\"articleSection\":[\"Kulinarik\"],\"inLanguage\":\"fr-FR\",\"potentialAction\":[{\"@type\":\"CommentAction\",\"name\":\"Comment\",\"target\":[\"https:\\\/\\\/www.wanderbetrieb.at\\\/kulinarik-in-der-fuschlseeregion\\\/cafeschierl\\\/#respond\"]}]},{\"@type\":\"WebPage\",\"@id\":\"https:\\\/\\\/www.wanderbetrieb.at\\\/kulinarik-in-der-fuschlseeregion\\\/cafeschierl\\\/\",\"url\":\"https:\\\/\\\/www.wanderbetrieb.at\\\/kulinarik-in-der-fuschlseeregion\\\/cafeschierl\\\/\",\"name\":\"Colli's Schmankerlk\u00fcche im Caf\u00e9 - Restaurant Schierl - Wanderbetrieb Fuschlseeregion\",\"isPartOf\":{\"@id\":\"https:\\\/\\\/www.wanderbetrieb.at\\\/#website\"},\"primaryImageOfPage\":{\"@id\":\"https:\\\/\\\/www.wanderbetrieb.at\\\/kulinarik-in-der-fuschlseeregion\\\/cafeschierl\\\/#primaryimage\"},\"image\":{\"@id\":\"https:\\\/\\\/www.wanderbetrieb.at\\\/kulinarik-in-der-fuschlseeregion\\\/cafeschierl\\\/#primaryimage\"},\"thumbnailUrl\":\"https:\\\/\\\/www.wanderbetrieb.at\\\/wp-content\\\/uploads\\\/2023\\\/05\\\/CafeSchierl.jpg\",\"datePublished\":\"2023-05-23T16:41:43+00:00\",\"dateModified\":\"2024-04-02T20:35:19+00:00\",\"description\":\"Colli's Schmankerlk\u00fcche im Caf\u00e9 - Restaurant Schierl Seit 2020 gib es in der Pension Schierl eine Pizzeria, die Sie nicht nur mit Pizzen kulinarisch verw\u00f6hnt. Koka bedient Sie von Freitag bis Dienstag von 17:00 bis 23:00.Genie\u00dfen Sie bei einem guten Glas Wein und chilliger Musik ihren Urlaub.\",\"breadcrumb\":{\"@id\":\"https:\\\/\\\/www.wanderbetrieb.at\\\/kulinarik-in-der-fuschlseeregion\\\/cafeschierl\\\/#breadcrumb\"},\"inLanguage\":\"fr-FR\",\"potentialAction\":[{\"@type\":\"ReadAction\",\"target\":[\"https:\\\/\\\/www.wanderbetrieb.at\\\/kulinarik-in-der-fuschlseeregion\\\/cafeschierl\\\/\"]}]},{\"@type\":\"ImageObject\",\"inLanguage\":\"fr-FR\",\"@id\":\"https:\\\/\\\/www.wanderbetrieb.at\\\/kulinarik-in-der-fuschlseeregion\\\/cafeschierl\\\/#primaryimage\",\"url\":\"https:\\\/\\\/www.wanderbetrieb.at\\\/wp-content\\\/uploads\\\/2023\\\/05\\\/CafeSchierl.jpg\",\"contentUrl\":\"https:\\\/\\\/www.wanderbetrieb.at\\\/wp-content\\\/uploads\\\/2023\\\/05\\\/CafeSchierl.jpg\",\"width\":960,\"height\":720,\"caption\":\"Caf\u00e9 Schierl in der Pension Schierl\"},{\"@type\":\"BreadcrumbList\",\"@id\":\"https:\\\/\\\/www.wanderbetrieb.at\\\/kulinarik-in-der-fuschlseeregion\\\/cafeschierl\\\/#breadcrumb\",\"itemListElement\":[{\"@type\":\"ListItem\",\"position\":1,\"name\":\"Startseite\",\"item\":\"https:\\\/\\\/www.wanderbetrieb.at\\\/\"},{\"@type\":\"ListItem\",\"position\":2,\"name\":\"Colli&#8217;s Schmankerlk\u00fcche im Caf\u00e9 &#8211; Restaurant Schierl\"}]},{\"@type\":\"WebSite\",\"@id\":\"https:\\\/\\\/www.wanderbetrieb.at\\\/#website\",\"url\":\"https:\\\/\\\/www.wanderbetrieb.at\\\/\",\"name\":\"Wanderbetrieb Fuschlseeregion\",\"description\":\"\",\"publisher\":{\"@id\":\"https:\\\/\\\/www.wanderbetrieb.at\\\/#organization\"},\"potentialAction\":[{\"@type\":\"SearchAction\",\"target\":{\"@type\":\"EntryPoint\",\"urlTemplate\":\"https:\\\/\\\/www.wanderbetrieb.at\\\/?s={search_term_string}\"},\"query-input\":{\"@type\":\"PropertyValueSpecification\",\"valueRequired\":true,\"valueName\":\"search_term_string\"}}],\"inLanguage\":\"fr-FR\"},{\"@type\":\"Organization\",\"@id\":\"https:\\\/\\\/www.wanderbetrieb.at\\\/#organization\",\"name\":\"Pension Schierl - Wanderbetrieb in der Fuschlseeregion\",\"url\":\"https:\\\/\\\/www.wanderbetrieb.at\\\/\",\"logo\":{\"@type\":\"ImageObject\",\"inLanguage\":\"fr-FR\",\"@id\":\"https:\\\/\\\/www.wanderbetrieb.at\\\/#\\\/schema\\\/logo\\\/image\\\/\",\"url\":\"https:\\\/\\\/www.wanderbetrieb.at\\\/wp-content\\\/uploads\\\/2022\\\/05\\\/wanderbetrieb-premium.png\",\"contentUrl\":\"https:\\\/\\\/www.wanderbetrieb.at\\\/wp-content\\\/uploads\\\/2022\\\/05\\\/wanderbetrieb-premium.png\",\"width\":126,\"height\":136,\"caption\":\"Pension Schierl - Wanderbetrieb in der Fuschlseeregion\"},\"image\":{\"@id\":\"https:\\\/\\\/www.wanderbetrieb.at\\\/#\\\/schema\\\/logo\\\/image\\\/\"}},{\"@type\":\"Person\",\"@id\":\"https:\\\/\\\/www.wanderbetrieb.at\\\/#\\\/schema\\\/person\\\/906dfd69b680acc005986dfe16242e62\",\"name\":\"Wanderbetrieb\",\"sameAs\":[\"https:\\\/\\\/www.wanderbetrieb.at\"]}]}<\/script>\n<!-- \/ Yoast SEO plugin. -->","yoast_head_json":{"title":"Les d\u00e9lices de Colli au caf\u00e9 - restaurant Schierl - entreprise de randonn\u00e9e Fuschlseeregion","description":"Les d\u00e9lices de Colli au Caf\u00e9 - Restaurant Schierl Depuis 2020, la Pension Schierl poss\u00e8de une pizzeria qui vous g\u00e2tera avec bien plus que de simples pizzas. Koka vous sert du vendredi au mardi de 17h00 \u00e0 23h00. Profitez de vos vacances avec un bon verre de vin et de la musique d\u00e9contract\u00e9e.","robots":{"index":"index","follow":"follow","max-snippet":"max-snippet:-1","max-image-preview":"max-image-preview:large","max-video-preview":"max-video-preview:-1"},"canonical":"https:\/\/www.wanderbetrieb.at\/fr\/delices-culinaires-region-de-fuschlsee\/d3-pizzeria-2\/","og_locale":"fr_FR","og_type":"article","og_title":"Colli's Schmankerlk\u00fcche im Caf\u00e9 - Restaurant Schierl - Wanderbetrieb Fuschlseeregion","og_description":"Colli's Schmankerlk\u00fcche im Caf\u00e9 - Restaurant Schierl Seit 2020 gib es in der Pension Schierl eine Pizzeria, die Sie nicht nur mit Pizzen kulinarisch verw\u00f6hnt. Koka bedient Sie von Freitag bis Dienstag von 17:00 bis 23:00.Genie\u00dfen Sie bei einem guten Glas Wein und chilliger Musik ihren Urlaub.","og_url":"https:\/\/www.wanderbetrieb.at\/fr\/delices-culinaires-region-de-fuschlsee\/d3-pizzeria-2\/","og_site_name":"Wanderbetrieb Fuschlseeregion","article_published_time":"2023-05-23T16:41:43+00:00","article_modified_time":"2024-04-02T20:35:19+00:00","og_image":[{"width":960,"height":720,"url":"https:\/\/www.wanderbetrieb.at\/wp-content\/uploads\/2023\/05\/CafeSchierl.jpg","type":"image\/jpeg"}],"author":"Wanderbetrieb","twitter_card":"summary_large_image","twitter_misc":{"\u00c9crit par":"Wanderbetrieb","Dur\u00e9e de lecture estim\u00e9e":"2 minutes"},"schema":{"@context":"https:\/\/schema.org","@graph":[{"@type":"Article","@id":"https:\/\/www.wanderbetrieb.at\/kulinarik-in-der-fuschlseeregion\/cafeschierl\/#article","isPartOf":{"@id":"https:\/\/www.wanderbetrieb.at\/kulinarik-in-der-fuschlseeregion\/cafeschierl\/"},"author":{"name":"Wanderbetrieb","@id":"https:\/\/www.wanderbetrieb.at\/#\/schema\/person\/906dfd69b680acc005986dfe16242e62"},"headline":"Colli&#8217;s Schmankerlk\u00fcche im Caf\u00e9 &#8211; Restaurant Schierl","datePublished":"2023-05-23T16:41:43+00:00","dateModified":"2024-04-02T20:35:19+00:00","mainEntityOfPage":{"@id":"https:\/\/www.wanderbetrieb.at\/kulinarik-in-der-fuschlseeregion\/cafeschierl\/"},"wordCount":310,"commentCount":0,"publisher":{"@id":"https:\/\/www.wanderbetrieb.at\/#organization"},"image":{"@id":"https:\/\/www.wanderbetrieb.at\/kulinarik-in-der-fuschlseeregion\/cafeschierl\/#primaryimage"},"thumbnailUrl":"https:\/\/www.wanderbetrieb.at\/wp-content\/uploads\/2023\/05\/CafeSchierl.jpg","articleSection":["Kulinarik"],"inLanguage":"fr-FR","potentialAction":[{"@type":"CommentAction","name":"Comment","target":["https:\/\/www.wanderbetrieb.at\/kulinarik-in-der-fuschlseeregion\/cafeschierl\/#respond"]}]},{"@type":"WebPage","@id":"https:\/\/www.wanderbetrieb.at\/kulinarik-in-der-fuschlseeregion\/cafeschierl\/","url":"https:\/\/www.wanderbetrieb.at\/kulinarik-in-der-fuschlseeregion\/cafeschierl\/","name":"Les d\u00e9lices de Colli au caf\u00e9 - restaurant Schierl - entreprise de randonn\u00e9e Fuschlseeregion","isPartOf":{"@id":"https:\/\/www.wanderbetrieb.at\/#website"},"primaryImageOfPage":{"@id":"https:\/\/www.wanderbetrieb.at\/kulinarik-in-der-fuschlseeregion\/cafeschierl\/#primaryimage"},"image":{"@id":"https:\/\/www.wanderbetrieb.at\/kulinarik-in-der-fuschlseeregion\/cafeschierl\/#primaryimage"},"thumbnailUrl":"https:\/\/www.wanderbetrieb.at\/wp-content\/uploads\/2023\/05\/CafeSchierl.jpg","datePublished":"2023-05-23T16:41:43+00:00","dateModified":"2024-04-02T20:35:19+00:00","description":"Les d\u00e9lices de Colli au Caf\u00e9 - Restaurant Schierl Depuis 2020, la Pension Schierl poss\u00e8de une pizzeria qui vous g\u00e2tera avec bien plus que de simples pizzas. Koka vous sert du vendredi au mardi de 17h00 \u00e0 23h00. Profitez de vos vacances avec un bon verre de vin et de la musique d\u00e9contract\u00e9e.","breadcrumb":{"@id":"https:\/\/www.wanderbetrieb.at\/kulinarik-in-der-fuschlseeregion\/cafeschierl\/#breadcrumb"},"inLanguage":"fr-FR","potentialAction":[{"@type":"ReadAction","target":["https:\/\/www.wanderbetrieb.at\/kulinarik-in-der-fuschlseeregion\/cafeschierl\/"]}]},{"@type":"ImageObject","inLanguage":"fr-FR","@id":"https:\/\/www.wanderbetrieb.at\/kulinarik-in-der-fuschlseeregion\/cafeschierl\/#primaryimage","url":"https:\/\/www.wanderbetrieb.at\/wp-content\/uploads\/2023\/05\/CafeSchierl.jpg","contentUrl":"https:\/\/www.wanderbetrieb.at\/wp-content\/uploads\/2023\/05\/CafeSchierl.jpg","width":960,"height":720,"caption":"Caf\u00e9 Schierl in der Pension Schierl"},{"@type":"BreadcrumbList","@id":"https:\/\/www.wanderbetrieb.at\/kulinarik-in-der-fuschlseeregion\/cafeschierl\/#breadcrumb","itemListElement":[{"@type":"ListItem","position":1,"name":"Startseite","item":"https:\/\/www.wanderbetrieb.at\/"},{"@type":"ListItem","position":2,"name":"Colli&#8217;s Schmankerlk\u00fcche im Caf\u00e9 &#8211; Restaurant Schierl"}]},{"@type":"WebSite","@id":"https:\/\/www.wanderbetrieb.at\/#website","url":"https:\/\/www.wanderbetrieb.at\/","name":"Entreprise de randonn\u00e9e r\u00e9gion de Fuschlsee","description":"","publisher":{"@id":"https:\/\/www.wanderbetrieb.at\/#organization"},"potentialAction":[{"@type":"SearchAction","target":{"@type":"EntryPoint","urlTemplate":"https:\/\/www.wanderbetrieb.at\/?s={search_term_string}"},"query-input":{"@type":"PropertyValueSpecification","valueRequired":true,"valueName":"search_term_string"}}],"inLanguage":"fr-FR"},{"@type":"Organization","@id":"https:\/\/www.wanderbetrieb.at\/#organization","name":"Pension Schierl - op\u00e9ration de randonn\u00e9e dans la r\u00e9gion de Fuschlsee","url":"https:\/\/www.wanderbetrieb.at\/","logo":{"@type":"ImageObject","inLanguage":"fr-FR","@id":"https:\/\/www.wanderbetrieb.at\/#\/schema\/logo\/image\/","url":"https:\/\/www.wanderbetrieb.at\/wp-content\/uploads\/2022\/05\/wanderbetrieb-premium.png","contentUrl":"https:\/\/www.wanderbetrieb.at\/wp-content\/uploads\/2022\/05\/wanderbetrieb-premium.png","width":126,"height":136,"caption":"Pension Schierl - Wanderbetrieb in der Fuschlseeregion"},"image":{"@id":"https:\/\/www.wanderbetrieb.at\/#\/schema\/logo\/image\/"}},{"@type":"Person","@id":"https:\/\/www.wanderbetrieb.at\/#\/schema\/person\/906dfd69b680acc005986dfe16242e62","name":"Op\u00e9ration randonn\u00e9e","sameAs":["https:\/\/www.wanderbetrieb.at"]}]}},"_links":{"self":[{"href":"https:\/\/www.wanderbetrieb.at\/fr\/wp-json\/wp\/v2\/posts\/3165","targetHints":{"allow":["GET"]}}],"collection":[{"href":"https:\/\/www.wanderbetrieb.at\/fr\/wp-json\/wp\/v2\/posts"}],"about":[{"href":"https:\/\/www.wanderbetrieb.at\/fr\/wp-json\/wp\/v2\/types\/post"}],"author":[{"embeddable":true,"href":"https:\/\/www.wanderbetrieb.at\/fr\/wp-json\/wp\/v2\/users\/1"}],"replies":[{"embeddable":true,"href":"https:\/\/www.wanderbetrieb.at\/fr\/wp-json\/wp\/v2\/comments?post=3165"}],"version-history":[{"count":38,"href":"https:\/\/www.wanderbetrieb.at\/fr\/wp-json\/wp\/v2\/posts\/3165\/revisions"}],"predecessor-version":[{"id":3227,"href":"https:\/\/www.wanderbetrieb.at\/fr\/wp-json\/wp\/v2\/posts\/3165\/revisions\/3227"}],"wp:featuredmedia":[{"embeddable":true,"href":"https:\/\/www.wanderbetrieb.at\/fr\/wp-json\/wp\/v2\/media\/3175"}],"wp:attachment":[{"href":"https:\/\/www.wanderbetrieb.at\/fr\/wp-json\/wp\/v2\/media?parent=3165"}],"wp:term":[{"taxonomy":"category","embeddable":true,"href":"https:\/\/www.wanderbetrieb.at\/fr\/wp-json\/wp\/v2\/categories?post=3165"},{"taxonomy":"post_tag","embeddable":true,"href":"https:\/\/www.wanderbetrieb.at\/fr\/wp-json\/wp\/v2\/tags?post=3165"}],"curies":[{"name":"wp","href":"https:\/\/api.w.org\/{rel}","templated":true}]}}