{"id":653,"date":"2021-09-28T10:49:13","date_gmt":"2021-09-28T08:49:13","guid":{"rendered":"https:\/\/www.wanderbetrieb.at\/?p=653"},"modified":"2022-05-30T12:00:07","modified_gmt":"2022-05-30T10:00:07","slug":"porsche-informatique-ellmaustein","status":"publish","type":"post","link":"https:\/\/www.wanderbetrieb.at\/fr\/wandertagebuch-fuschlseeregion\/porsche-informatik-ellmaustein\/","title":{"rendered":"Avec Porsche Informatik sur l&#039;Ellmaustein"},"content":{"rendered":"<div data-elementor-type=\"wp-post\" data-elementor-id=\"653\" class=\"elementor elementor-653\" data-elementor-post-type=\"post\">\n\t\t\t\t\t\t<section class=\"elementor-section elementor-top-section elementor-element elementor-element-428a231a elementor-section-full_width elementor-section-height-default elementor-section-height-default\" data-id=\"428a231a\" data-element_type=\"section\" data-e-type=\"section\">\n\t\t\t\t\t\t<div class=\"elementor-container elementor-column-gap-default\">\n\t\t\t\t\t<div class=\"elementor-column elementor-col-100 elementor-top-column elementor-element elementor-element-15e48c47\" data-id=\"15e48c47\" data-element_type=\"column\" data-e-type=\"column\">\n\t\t\t<div class=\"elementor-widget-wrap elementor-element-populated\">\n\t\t\t\t\t\t<div class=\"elementor-element elementor-element-5eb33f72 elementor-widget elementor-widget-heading\" data-id=\"5eb33f72\" data-element_type=\"widget\" data-e-type=\"widget\" data-widget_type=\"heading.default\">\n\t\t\t\t<div class=\"elementor-widget-container\">\n\t\t\t\t\t<h1 class=\"elementor-heading-title elementor-size-default\">Avec Porsche Informatik sur l&#039;Ellmaustein<\/h1>\t\t\t\t<\/div>\n\t\t\t\t<\/div>\n\t\t\t\t\t<\/div>\n\t\t<\/div>\n\t\t\t\t\t<\/div>\n\t\t<\/section>\n\t\t\t\t<section class=\"elementor-section elementor-top-section elementor-element elementor-element-27c05cf6 elementor-section-full_width elementor-section-height-default elementor-section-height-default\" data-id=\"27c05cf6\" data-element_type=\"section\" data-e-type=\"section\">\n\t\t\t\t\t\t<div class=\"elementor-container elementor-column-gap-default\">\n\t\t\t\t\t<div class=\"elementor-column elementor-col-66 elementor-top-column elementor-element elementor-element-566df21\" data-id=\"566df21\" data-element_type=\"column\" data-e-type=\"column\">\n\t\t\t<div class=\"elementor-widget-wrap elementor-element-populated\">\n\t\t\t\t\t\t<div class=\"elementor-element elementor-element-a21a686 elementor-widget elementor-widget-text-editor\" data-id=\"a21a686\" data-element_type=\"widget\" data-e-type=\"widget\" data-widget_type=\"text-editor.default\">\n\t\t\t\t<div class=\"elementor-widget-container\">\n\t\t\t\t\t\t\t\t\t<h3>Jeanett a dirig\u00e9 un groupe de Porsche Informatik \u00e0 Ellmaustein.<\/h3>\nApr\u00e8s une mont\u00e9e d&#039;environ 670 m, l&#039;Ellmaustein offre l&#039;une des vues les plus impressionnantes sur Fuschl et le lac de Fuschl. \t\t\t\t\t\t\t\t<\/div>\n\t\t\t\t<\/div>\n\t\t\t\t\t<\/div>\n\t\t<\/div>\n\t\t\t\t<div class=\"elementor-column elementor-col-33 elementor-top-column elementor-element elementor-element-6cbb2920\" data-id=\"6cbb2920\" data-element_type=\"column\" data-e-type=\"column\">\n\t\t\t<div class=\"elementor-widget-wrap elementor-element-populated\">\n\t\t\t\t\t\t<div class=\"elementor-element elementor-element-7717ab93 elementor-widget elementor-widget-video\" data-id=\"7717ab93\" data-element_type=\"widget\" data-e-type=\"widget\" data-settings=\"{&quot;video_type&quot;:&quot;hosted&quot;,&quot;mute&quot;:&quot;yes&quot;,&quot;controls&quot;:&quot;yes&quot;}\" data-widget_type=\"video.default\">\n\t\t\t\t<div class=\"elementor-widget-container\">\n\t\t\t\t\t\t\t<div class=\"e-hosted-video elementor-wrapper elementor-open-inline\">\n\t\t\t\t\t<video class=\"elementor-video\" src=\"https:\/\/video.relive.cc\/90742348001_relive_1632853483891.mp4?x-ref=site\" controls=\"\" preload=\"metadata\" muted=\"muted\" controlslist=\"nodownload\"><\/video>\n\t\t\t\t<\/div>\n\t\t\t\t\t\t<\/div>\n\t\t\t\t<\/div>\n\t\t\t\t<section class=\"elementor-section elementor-inner-section elementor-element elementor-element-55b021d elementor-section-boxed elementor-section-height-default elementor-section-height-default\" data-id=\"55b021d\" data-element_type=\"section\" data-e-type=\"section\">\n\t\t\t\t\t\t<div class=\"elementor-container elementor-column-gap-default\">\n\t\t\t\t\t<div class=\"elementor-column elementor-col-50 elementor-inner-column elementor-element elementor-element-3c8d7fe\" data-id=\"3c8d7fe\" data-element_type=\"column\" data-e-type=\"column\">\n\t\t\t<div class=\"elementor-widget-wrap elementor-element-populated\">\n\t\t\t\t\t\t<div class=\"elementor-element elementor-element-2a40259 elementor-align-center elementor-widget__width-inherit .w-100 elementor-widget elementor-widget-button\" data-id=\"2a40259\" data-element_type=\"widget\" data-e-type=\"widget\" data-widget_type=\"button.default\">\n\t\t\t\t<div class=\"elementor-widget-container\">\n\t\t\t\t\t\t\t\t\t<div class=\"elementor-button-wrapper\">\n\t\t\t\t\t<a class=\"elementor-button elementor-button-link elementor-size-sm\" href=\"#route-porsche-informatik-ellmaustein\">\n\t\t\t\t\t\t<span class=\"elementor-button-content-wrapper\">\n\t\t\t\t\t\t<span class=\"elementor-button-icon\">\n\t\t\t\t<i aria-hidden=\"true\" class=\"fas fa-map-marker-alt\"><\/i>\t\t\t<\/span>\n\t\t\t\t\t\t\t\t\t<span class=\"elementor-button-text\">Afficher l&#039;itin\u00e9raire<\/span>\n\t\t\t\t\t<\/span>\n\t\t\t\t\t<\/a>\n\t\t\t\t<\/div>\n\t\t\t\t\t\t\t\t<\/div>\n\t\t\t\t<\/div>\n\t\t\t\t\t<\/div>\n\t\t<\/div>\n\t\t\t\t<div class=\"elementor-column elementor-col-50 elementor-inner-column elementor-element elementor-element-39c1faa\" data-id=\"39c1faa\" data-element_type=\"column\" data-e-type=\"column\">\n\t\t\t<div class=\"elementor-widget-wrap elementor-element-populated\">\n\t\t\t\t\t\t<div class=\"elementor-element elementor-element-21e51caf elementor-align-center elementor-widget__width-inherit .w-100 elementor-widget elementor-widget-button\" data-id=\"21e51caf\" data-element_type=\"widget\" data-e-type=\"widget\" id=\"btn-back\" data-widget_type=\"button.default\">\n\t\t\t\t<div class=\"elementor-widget-container\">\n\t\t\t\t\t\t\t\t\t<div class=\"elementor-button-wrapper\">\n\t\t\t\t\t<a class=\"elementor-button elementor-size-sm\" role=\"button\">\n\t\t\t\t\t\t<span class=\"elementor-button-content-wrapper\">\n\t\t\t\t\t\t<span class=\"elementor-button-icon\">\n\t\t\t\t<i aria-hidden=\"true\" class=\"fas fa-step-backward\"><\/i>\t\t\t<\/span>\n\t\t\t\t\t\t\t\t\t<span class=\"elementor-button-text\">Retourner<\/span>\n\t\t\t\t\t<\/span>\n\t\t\t\t\t<\/a>\n\t\t\t\t<\/div>\n\t\t\t\t\t\t\t\t<\/div>\n\t\t\t\t<\/div>\n\t\t\t\t\t<\/div>\n\t\t<\/div>\n\t\t\t\t\t<\/div>\n\t\t<\/section>\n\t\t\t\t\t<\/div>\n\t\t<\/div>\n\t\t\t\t\t<\/div>\n\t\t<\/section>\n\t\t\t\t<section class=\"elementor-section elementor-top-section elementor-element elementor-element-2cb854b0 elementor-section-full_width elementor-section-height-default elementor-section-height-default\" data-id=\"2cb854b0\" data-element_type=\"section\" data-e-type=\"section\">\n\t\t\t\t\t\t<div class=\"elementor-container elementor-column-gap-default\">\n\t\t\t\t\t<div class=\"elementor-column elementor-col-100 elementor-top-column elementor-element elementor-element-a6aa4a4\" data-id=\"a6aa4a4\" data-element_type=\"column\" data-e-type=\"column\">\n\t\t\t<div class=\"elementor-widget-wrap elementor-element-populated\">\n\t\t\t\t\t\t<div class=\"elementor-element elementor-element-3cfa7af4 gallery-spacing-custom elementor-widget elementor-widget-image-gallery\" data-id=\"3cfa7af4\" data-element_type=\"widget\" data-e-type=\"widget\" data-widget_type=\"image-gallery.default\">\n\t\t\t\t<div class=\"elementor-widget-container\">\n\t\t\t\t\t\t\t<div class=\"elementor-image-gallery\">\n\t\t\t<div id='gallery-1' class='gallery galleryid-653 gallery-columns-4 gallery-size-medium_large'><figure class='gallery-item'>\n\t\t\t<div class='gallery-icon landscape'>\n\t\t\t\t<a data-elementor-open-lightbox=\"yes\" data-elementor-lightbox-slideshow=\"3cfa7af4\" data-elementor-lightbox-title=\"Wanderung Porsche Informatik Ellmaustein\" data-e-action-hash=\"#elementor-action%3Aaction%3Dlightbox%26settings%3DeyJpZCI6NjYyLCJ1cmwiOiJodHRwczpcL1wvd3d3LndhbmRlcmJldHJpZWIuYXRcL3dwLWNvbnRlbnRcL3VwbG9hZHNcLzIwMjJcLzA1XC9wb3JzY2hlLWluZm9ybWF0aWstZWxsbWF1c3RlaW4tMS5qcGciLCJzbGlkZXNob3ciOiIzY2ZhN2FmNCJ9\" href='https:\/\/www.wanderbetrieb.at\/wp-content\/uploads\/2022\/05\/porsche-informatik-ellmaustein-1.jpg'><img fetchpriority=\"high\" decoding=\"async\" width=\"768\" height=\"432\" src=\"https:\/\/www.wanderbetrieb.at\/wp-content\/uploads\/2022\/05\/porsche-informatik-ellmaustein-1-768x432.jpg\" class=\"attachment-medium_large size-medium_large\" alt=\"Randonn\u00e9e Porsche Informatik Ellmaustein\" srcset=\"https:\/\/www.wanderbetrieb.at\/wp-content\/uploads\/2022\/05\/porsche-informatik-ellmaustein-1-768x432.jpg 768w, https:\/\/www.wanderbetrieb.at\/wp-content\/uploads\/2022\/05\/porsche-informatik-ellmaustein-1-600x338.jpg 600w, https:\/\/www.wanderbetrieb.at\/wp-content\/uploads\/2022\/05\/porsche-informatik-ellmaustein-1-300x169.jpg 300w, https:\/\/www.wanderbetrieb.at\/wp-content\/uploads\/2022\/05\/porsche-informatik-ellmaustein-1.jpg 979w\" sizes=\"(max-width: 768px) 100vw, 768px\" \/><\/a>\n\t\t\t<\/div><\/figure><figure class='gallery-item'>\n\t\t\t<div class='gallery-icon landscape'>\n\t\t\t\t<a data-elementor-open-lightbox=\"yes\" data-elementor-lightbox-slideshow=\"3cfa7af4\" data-elementor-lightbox-title=\"Wanderung Porsche Informatik Ellmaustein\" data-e-action-hash=\"#elementor-action%3Aaction%3Dlightbox%26settings%3DeyJpZCI6NjYxLCJ1cmwiOiJodHRwczpcL1wvd3d3LndhbmRlcmJldHJpZWIuYXRcL3dwLWNvbnRlbnRcL3VwbG9hZHNcLzIwMjJcLzA1XC9wb3JzY2hlLWluZm9ybWF0aWstZWxsbWF1c3RlaW4tMi5qcGciLCJzbGlkZXNob3ciOiIzY2ZhN2FmNCJ9\" href='https:\/\/www.wanderbetrieb.at\/wp-content\/uploads\/2022\/05\/porsche-informatik-ellmaustein-2.jpg'><img decoding=\"async\" width=\"768\" height=\"432\" src=\"https:\/\/www.wanderbetrieb.at\/wp-content\/uploads\/2022\/05\/porsche-informatik-ellmaustein-2-768x432.jpg\" class=\"attachment-medium_large size-medium_large\" alt=\"Randonn\u00e9e Porsche Informatik Ellmaustein\" srcset=\"https:\/\/www.wanderbetrieb.at\/wp-content\/uploads\/2022\/05\/porsche-informatik-ellmaustein-2-768x432.jpg 768w, https:\/\/www.wanderbetrieb.at\/wp-content\/uploads\/2022\/05\/porsche-informatik-ellmaustein-2-600x338.jpg 600w, https:\/\/www.wanderbetrieb.at\/wp-content\/uploads\/2022\/05\/porsche-informatik-ellmaustein-2-300x169.jpg 300w, https:\/\/www.wanderbetrieb.at\/wp-content\/uploads\/2022\/05\/porsche-informatik-ellmaustein-2.jpg 979w\" sizes=\"(max-width: 768px) 100vw, 768px\" \/><\/a>\n\t\t\t<\/div><\/figure><figure class='gallery-item'>\n\t\t\t<div class='gallery-icon landscape'>\n\t\t\t\t<a data-elementor-open-lightbox=\"yes\" data-elementor-lightbox-slideshow=\"3cfa7af4\" data-elementor-lightbox-title=\"Wanderung Porsche Informatik Ellmaustein\" data-e-action-hash=\"#elementor-action%3Aaction%3Dlightbox%26settings%3DeyJpZCI6NjYwLCJ1cmwiOiJodHRwczpcL1wvd3d3LndhbmRlcmJldHJpZWIuYXRcL3dwLWNvbnRlbnRcL3VwbG9hZHNcLzIwMjJcLzA1XC9wb3JzY2hlLWluZm9ybWF0aWstZWxsbWF1c3RlaW4tMy5qcGciLCJzbGlkZXNob3ciOiIzY2ZhN2FmNCJ9\" href='https:\/\/www.wanderbetrieb.at\/wp-content\/uploads\/2022\/05\/porsche-informatik-ellmaustein-3.jpg'><img decoding=\"async\" width=\"768\" height=\"432\" src=\"https:\/\/www.wanderbetrieb.at\/wp-content\/uploads\/2022\/05\/porsche-informatik-ellmaustein-3-768x432.jpg\" class=\"attachment-medium_large size-medium_large\" alt=\"Randonn\u00e9e Porsche Informatik Ellmaustein\" srcset=\"https:\/\/www.wanderbetrieb.at\/wp-content\/uploads\/2022\/05\/porsche-informatik-ellmaustein-3-768x432.jpg 768w, https:\/\/www.wanderbetrieb.at\/wp-content\/uploads\/2022\/05\/porsche-informatik-ellmaustein-3-600x338.jpg 600w, https:\/\/www.wanderbetrieb.at\/wp-content\/uploads\/2022\/05\/porsche-informatik-ellmaustein-3-300x169.jpg 300w, https:\/\/www.wanderbetrieb.at\/wp-content\/uploads\/2022\/05\/porsche-informatik-ellmaustein-3.jpg 979w\" sizes=\"(max-width: 768px) 100vw, 768px\" \/><\/a>\n\t\t\t<\/div><\/figure><figure class='gallery-item'>\n\t\t\t<div class='gallery-icon landscape'>\n\t\t\t\t<a data-elementor-open-lightbox=\"yes\" data-elementor-lightbox-slideshow=\"3cfa7af4\" data-elementor-lightbox-title=\"Wanderung Porsche Informatik Ellmaustein\" data-e-action-hash=\"#elementor-action%3Aaction%3Dlightbox%26settings%3DeyJpZCI6NjU5LCJ1cmwiOiJodHRwczpcL1wvd3d3LndhbmRlcmJldHJpZWIuYXRcL3dwLWNvbnRlbnRcL3VwbG9hZHNcLzIwMjJcLzA1XC9wb3JzY2hlLWluZm9ybWF0aWstZWxsbWF1c3RlaW4tNC5qcGciLCJzbGlkZXNob3ciOiIzY2ZhN2FmNCJ9\" href='https:\/\/www.wanderbetrieb.at\/wp-content\/uploads\/2022\/05\/porsche-informatik-ellmaustein-4.jpg'><img loading=\"lazy\" decoding=\"async\" width=\"768\" height=\"432\" src=\"https:\/\/www.wanderbetrieb.at\/wp-content\/uploads\/2022\/05\/porsche-informatik-ellmaustein-4-768x432.jpg\" class=\"attachment-medium_large size-medium_large\" alt=\"Randonn\u00e9e Porsche Informatik Ellmaustein\" srcset=\"https:\/\/www.wanderbetrieb.at\/wp-content\/uploads\/2022\/05\/porsche-informatik-ellmaustein-4-768x432.jpg 768w, https:\/\/www.wanderbetrieb.at\/wp-content\/uploads\/2022\/05\/porsche-informatik-ellmaustein-4-600x338.jpg 600w, https:\/\/www.wanderbetrieb.at\/wp-content\/uploads\/2022\/05\/porsche-informatik-ellmaustein-4-300x169.jpg 300w, https:\/\/www.wanderbetrieb.at\/wp-content\/uploads\/2022\/05\/porsche-informatik-ellmaustein-4.jpg 979w\" sizes=\"(max-width: 768px) 100vw, 768px\" \/><\/a>\n\t\t\t<\/div><\/figure><figure class='gallery-item'>\n\t\t\t<div class='gallery-icon landscape'>\n\t\t\t\t<a data-elementor-open-lightbox=\"yes\" data-elementor-lightbox-slideshow=\"3cfa7af4\" data-elementor-lightbox-title=\"Wanderung Porsche Informatik Ellmaustein\" data-e-action-hash=\"#elementor-action%3Aaction%3Dlightbox%26settings%3DeyJpZCI6NjU4LCJ1cmwiOiJodHRwczpcL1wvd3d3LndhbmRlcmJldHJpZWIuYXRcL3dwLWNvbnRlbnRcL3VwbG9hZHNcLzIwMjJcLzA1XC9wb3JzY2hlLWluZm9ybWF0aWstZWxsbWF1c3RlaW4tNS5qcGciLCJzbGlkZXNob3ciOiIzY2ZhN2FmNCJ9\" href='https:\/\/www.wanderbetrieb.at\/wp-content\/uploads\/2022\/05\/porsche-informatik-ellmaustein-5.jpg'><img loading=\"lazy\" decoding=\"async\" width=\"768\" height=\"432\" src=\"https:\/\/www.wanderbetrieb.at\/wp-content\/uploads\/2022\/05\/porsche-informatik-ellmaustein-5-768x432.jpg\" class=\"attachment-medium_large size-medium_large\" alt=\"Randonn\u00e9e Porsche Informatik Ellmaustein\" srcset=\"https:\/\/www.wanderbetrieb.at\/wp-content\/uploads\/2022\/05\/porsche-informatik-ellmaustein-5-768x432.jpg 768w, https:\/\/www.wanderbetrieb.at\/wp-content\/uploads\/2022\/05\/porsche-informatik-ellmaustein-5-600x338.jpg 600w, https:\/\/www.wanderbetrieb.at\/wp-content\/uploads\/2022\/05\/porsche-informatik-ellmaustein-5-300x169.jpg 300w, https:\/\/www.wanderbetrieb.at\/wp-content\/uploads\/2022\/05\/porsche-informatik-ellmaustein-5.jpg 979w\" sizes=\"(max-width: 768px) 100vw, 768px\" \/><\/a>\n\t\t\t<\/div><\/figure><figure class='gallery-item'>\n\t\t\t<div class='gallery-icon landscape'>\n\t\t\t\t<a data-elementor-open-lightbox=\"yes\" data-elementor-lightbox-slideshow=\"3cfa7af4\" data-elementor-lightbox-title=\"Wanderung Porsche Informatik Ellmaustein\" data-e-action-hash=\"#elementor-action%3Aaction%3Dlightbox%26settings%3DeyJpZCI6NjU3LCJ1cmwiOiJodHRwczpcL1wvd3d3LndhbmRlcmJldHJpZWIuYXRcL3dwLWNvbnRlbnRcL3VwbG9hZHNcLzIwMjJcLzA1XC9wb3JzY2hlLWluZm9ybWF0aWstZWxsbWF1c3RlaW4tNi5qcGciLCJzbGlkZXNob3ciOiIzY2ZhN2FmNCJ9\" href='https:\/\/www.wanderbetrieb.at\/wp-content\/uploads\/2022\/05\/porsche-informatik-ellmaustein-6.jpg'><img loading=\"lazy\" decoding=\"async\" width=\"768\" height=\"432\" src=\"https:\/\/www.wanderbetrieb.at\/wp-content\/uploads\/2022\/05\/porsche-informatik-ellmaustein-6-768x432.jpg\" class=\"attachment-medium_large size-medium_large\" alt=\"Randonn\u00e9e Porsche Informatik Ellmaustein\" srcset=\"https:\/\/www.wanderbetrieb.at\/wp-content\/uploads\/2022\/05\/porsche-informatik-ellmaustein-6-768x432.jpg 768w, https:\/\/www.wanderbetrieb.at\/wp-content\/uploads\/2022\/05\/porsche-informatik-ellmaustein-6-600x338.jpg 600w, https:\/\/www.wanderbetrieb.at\/wp-content\/uploads\/2022\/05\/porsche-informatik-ellmaustein-6-300x169.jpg 300w, https:\/\/www.wanderbetrieb.at\/wp-content\/uploads\/2022\/05\/porsche-informatik-ellmaustein-6.jpg 979w\" sizes=\"(max-width: 768px) 100vw, 768px\" \/><\/a>\n\t\t\t<\/div><\/figure><figure class='gallery-item'>\n\t\t\t<div class='gallery-icon landscape'>\n\t\t\t\t<a data-elementor-open-lightbox=\"yes\" data-elementor-lightbox-slideshow=\"3cfa7af4\" data-elementor-lightbox-title=\"Wanderung Porsche Informatik Ellmaustein\" data-e-action-hash=\"#elementor-action%3Aaction%3Dlightbox%26settings%3DeyJpZCI6NjU2LCJ1cmwiOiJodHRwczpcL1wvd3d3LndhbmRlcmJldHJpZWIuYXRcL3dwLWNvbnRlbnRcL3VwbG9hZHNcLzIwMjJcLzA1XC9wb3JzY2hlLWluZm9ybWF0aWstZWxsbWF1c3RlaW4tNy5qcGciLCJzbGlkZXNob3ciOiIzY2ZhN2FmNCJ9\" href='https:\/\/www.wanderbetrieb.at\/wp-content\/uploads\/2022\/05\/porsche-informatik-ellmaustein-7.jpg'><img loading=\"lazy\" decoding=\"async\" width=\"768\" height=\"432\" src=\"https:\/\/www.wanderbetrieb.at\/wp-content\/uploads\/2022\/05\/porsche-informatik-ellmaustein-7-768x432.jpg\" class=\"attachment-medium_large size-medium_large\" alt=\"Randonn\u00e9e Porsche Informatik Ellmaustein\" srcset=\"https:\/\/www.wanderbetrieb.at\/wp-content\/uploads\/2022\/05\/porsche-informatik-ellmaustein-7-768x432.jpg 768w, https:\/\/www.wanderbetrieb.at\/wp-content\/uploads\/2022\/05\/porsche-informatik-ellmaustein-7-600x338.jpg 600w, https:\/\/www.wanderbetrieb.at\/wp-content\/uploads\/2022\/05\/porsche-informatik-ellmaustein-7-300x169.jpg 300w, https:\/\/www.wanderbetrieb.at\/wp-content\/uploads\/2022\/05\/porsche-informatik-ellmaustein-7.jpg 979w\" sizes=\"(max-width: 768px) 100vw, 768px\" \/><\/a>\n\t\t\t<\/div><\/figure><figure class='gallery-item'>\n\t\t\t<div class='gallery-icon landscape'>\n\t\t\t\t<a data-elementor-open-lightbox=\"yes\" data-elementor-lightbox-slideshow=\"3cfa7af4\" data-elementor-lightbox-title=\"Wanderung Porsche Informatik Ellmaustein\" data-e-action-hash=\"#elementor-action%3Aaction%3Dlightbox%26settings%3DeyJpZCI6NjU1LCJ1cmwiOiJodHRwczpcL1wvd3d3LndhbmRlcmJldHJpZWIuYXRcL3dwLWNvbnRlbnRcL3VwbG9hZHNcLzIwMjJcLzA1XC9wb3JzY2hlLWluZm9ybWF0aWstZWxsbWF1c3RlaW4tOC5qcGciLCJzbGlkZXNob3ciOiIzY2ZhN2FmNCJ9\" href='https:\/\/www.wanderbetrieb.at\/wp-content\/uploads\/2022\/05\/porsche-informatik-ellmaustein-8.jpg'><img loading=\"lazy\" decoding=\"async\" width=\"768\" height=\"432\" src=\"https:\/\/www.wanderbetrieb.at\/wp-content\/uploads\/2022\/05\/porsche-informatik-ellmaustein-8-768x432.jpg\" class=\"attachment-medium_large size-medium_large\" alt=\"Randonn\u00e9e Porsche Informatik Ellmaustein\" srcset=\"https:\/\/www.wanderbetrieb.at\/wp-content\/uploads\/2022\/05\/porsche-informatik-ellmaustein-8-768x432.jpg 768w, https:\/\/www.wanderbetrieb.at\/wp-content\/uploads\/2022\/05\/porsche-informatik-ellmaustein-8-600x338.jpg 600w, https:\/\/www.wanderbetrieb.at\/wp-content\/uploads\/2022\/05\/porsche-informatik-ellmaustein-8-300x169.jpg 300w, https:\/\/www.wanderbetrieb.at\/wp-content\/uploads\/2022\/05\/porsche-informatik-ellmaustein-8.jpg 979w\" sizes=\"(max-width: 768px) 100vw, 768px\" \/><\/a>\n\t\t\t<\/div><\/figure>\n\t\t<\/div>\n\t\t<\/div>\n\t\t\t\t\t\t<\/div>\n\t\t\t\t<\/div>\n\t\t\t\t\t<\/div>\n\t\t<\/div>\n\t\t\t\t\t<\/div>\n\t\t<\/section>\n\t\t\t\t<\/div>\n\t\t<div id=\"masterqrPost\" style=\"text-align:left\"><\/div><div class =\"mqrbtnalign\" style=\"    display: flex;justify-content:left\"><div style=\"width:254px;display:flex;align-items: center;justify-content: center;font-size: small\"><a id=\"downloadbuton2\" download=\"Mit der Porsche Informatik auf den Ellmaustein.png\" class=\"btn_fromt_canvas\" style=\"color:#fff;background:#16601a;\">T\u00e9l\u00e9charger QR\n                <\/a><a id=\"printButtoncont\" style=\"margin-left:10px;color:#fff;background:#e53463\";>Imprimer QR<\/a>\n                <div><\/div><script>function masterqrCurrentPAge(){new QRCode(document.getElementById(\"masterqrPost\"),{text: \"https:\/\/www.wanderbetrieb.at\/fr\/wp-json\/wp\/v2\/posts\/653\", width: 254, height: 254, colorDark: \"#000000\", colorLight:\"#fff\", PI: \"#000000\", PO: \"#000000\", AI: \"#000000\", AO: \"#000000\", PI_TL: \"#000000\", PO_TL: \"#000000\", logo: \"\", logoWidth: 55, logoHeight: 55, logoBackgroundTransparent: true, backgroundImage: \"\", dotScale: \"0.6\", timing: \"#000000\", timing_V: \"#000000\", backgroundImageAlpha: \"0.3\",});}masterqrCurrentPAge(); <\/script>","protected":false},"excerpt":{"rendered":"<p>Jeanett a guid\u00e9 un groupe de Porsche Informatik jusqu&#039;\u00e0 l&#039;Ellmaustein. Apr\u00e8s une ascension d&#039;environ 670 m\u00e8tres de d\u00e9nivel\u00e9, l&#039;Ellmaustein offre l&#039;une des vues les plus impressionnantes sur Fuschl et le lac de Fuschl. https:\/\/video.relive.cc\/90742348001_relive_1632853483891.mp4?x-ref=site Afficher l&#039;itin\u00e9raire Retour T\u00e9l\u00e9charger le QR Code Imprimer le QR Code<\/p>","protected":false},"author":1,"featured_media":662,"comment_status":"open","ping_status":"open","sticky":false,"template":"elementor_header_footer","format":"standard","meta":{"site-sidebar-layout":"default","site-content-layout":"default","ast-site-content-layout":"default","site-content-style":"default","site-sidebar-style":"default","ast-global-header-display":"","ast-banner-title-visibility":"","ast-main-header-display":"","ast-hfb-above-header-display":"","ast-hfb-below-header-display":"","ast-hfb-mobile-header-display":"","site-post-title":"","ast-breadcrumbs-content":"","ast-featured-img":"","footer-sml-layout":"","ast-disable-related-posts":"","theme-transparent-header-meta":"default","adv-header-id-meta":"","stick-header-meta":"","header-above-stick-meta":"","header-main-stick-meta":"","header-below-stick-meta":"","astra-migrate-meta-layouts":"default","ast-page-background-enabled":"default","ast-page-background-meta":{"desktop":{"background-color":"var(--ast-global-color-4)","background-image":"","background-repeat":"repeat","background-position":"center center","background-size":"auto","background-attachment":"scroll","background-type":"","background-media":"","overlay-type":"","overlay-color":"","overlay-opacity":"","overlay-gradient":""},"tablet":{"background-color":"","background-image":"","background-repeat":"repeat","background-position":"center center","background-size":"auto","background-attachment":"scroll","background-type":"","background-media":"","overlay-type":"","overlay-color":"","overlay-opacity":"","overlay-gradient":""},"mobile":{"background-color":"","background-image":"","background-repeat":"repeat","background-position":"center center","background-size":"auto","background-attachment":"scroll","background-type":"","background-media":"","overlay-type":"","overlay-color":"","overlay-opacity":"","overlay-gradient":""}},"ast-content-background-meta":{"desktop":{"background-color":"var(--ast-global-color-5)","background-image":"","background-repeat":"repeat","background-position":"center center","background-size":"auto","background-attachment":"scroll","background-type":"","background-media":"","overlay-type":"","overlay-color":"","overlay-opacity":"","overlay-gradient":""},"tablet":{"background-color":"var(--ast-global-color-5)","background-image":"","background-repeat":"repeat","background-position":"center center","background-size":"auto","background-attachment":"scroll","background-type":"","background-media":"","overlay-type":"","overlay-color":"","overlay-opacity":"","overlay-gradient":""},"mobile":{"background-color":"var(--ast-global-color-5)","background-image":"","background-repeat":"repeat","background-position":"center center","background-size":"auto","background-attachment":"scroll","background-type":"","background-media":"","overlay-type":"","overlay-color":"","overlay-opacity":"","overlay-gradient":""}},"footnotes":""},"categories":[7],"tags":[],"class_list":["post-653","post","type-post","status-publish","format-standard","has-post-thumbnail","hentry","category-wandertagebuch-fuschlseeregion"],"yoast_head":"<!-- This site is optimized with the Yoast SEO plugin v27.4 - https:\/\/yoast.com\/product\/yoast-seo-wordpress\/ -->\n<title>Mit der Porsche Informatik auf den Ellmaustein - Wanderbetrieb<\/title>\n<meta name=\"description\" content=\"Der Ellmaustein bietet nach einem Aufstieg von ca. 670 hm einen der imposantesten Ausblicke \u00fcber Fuschl und dem Fuschlsee.\" \/>\n<meta name=\"robots\" content=\"index, follow, max-snippet:-1, max-image-preview:large, max-video-preview:-1\" \/>\n<link rel=\"canonical\" href=\"https:\/\/www.wanderbetrieb.at\/fr\/journal-de-randonnee-region-de-fuschlsee\/porsche-informatique-ellmaustein\/\" \/>\n<meta property=\"og:locale\" content=\"fr_FR\" \/>\n<meta property=\"og:type\" content=\"article\" \/>\n<meta property=\"og:title\" content=\"Mit der Porsche Informatik auf den Ellmaustein\" \/>\n<meta property=\"og:description\" content=\"Der Ellmaustein bietet nach einem Aufstieg von ca. 670 hm einen der imposantesten Ausblicke \u00fcber Fuschl und dem Fuschlsee.\" \/>\n<meta property=\"og:url\" content=\"https:\/\/www.wanderbetrieb.at\/fr\/journal-de-randonnee-region-de-fuschlsee\/porsche-informatique-ellmaustein\/\" \/>\n<meta property=\"og:site_name\" content=\"Wanderbetrieb Fuschlseeregion\" \/>\n<meta property=\"article:published_time\" content=\"2021-09-28T08:49:13+00:00\" \/>\n<meta property=\"article:modified_time\" content=\"2022-05-30T10:00:07+00:00\" \/>\n<meta property=\"og:image\" content=\"https:\/\/www.wanderbetrieb.at\/wp-content\/uploads\/2022\/05\/porsche-informatik-ellmaustein-1.jpg\" \/>\n\t<meta property=\"og:image:width\" content=\"979\" \/>\n\t<meta property=\"og:image:height\" content=\"551\" \/>\n\t<meta property=\"og:image:type\" content=\"image\/jpeg\" \/>\n<meta name=\"author\" content=\"Wanderbetrieb\" \/>\n<meta name=\"twitter:card\" content=\"summary_large_image\" \/>\n<meta name=\"twitter:label1\" content=\"\u00c9crit par\" \/>\n\t<meta name=\"twitter:data1\" content=\"Wanderbetrieb\" \/>\n\t<meta name=\"twitter:label2\" content=\"Dur\u00e9e de lecture estim\u00e9e\" \/>\n\t<meta name=\"twitter:data2\" content=\"2 minutes\" \/>\n<script type=\"application\/ld+json\" class=\"yoast-schema-graph\">{\"@context\":\"https:\\\/\\\/schema.org\",\"@graph\":[{\"@type\":\"Article\",\"@id\":\"https:\\\/\\\/www.wanderbetrieb.at\\\/wandertagebuch-fuschlseeregion\\\/porsche-informatik-ellmaustein\\\/#article\",\"isPartOf\":{\"@id\":\"https:\\\/\\\/www.wanderbetrieb.at\\\/wandertagebuch-fuschlseeregion\\\/porsche-informatik-ellmaustein\\\/\"},\"author\":{\"name\":\"Wanderbetrieb\",\"@id\":\"https:\\\/\\\/www.wanderbetrieb.at\\\/#\\\/schema\\\/person\\\/906dfd69b680acc005986dfe16242e62\"},\"headline\":\"Mit der Porsche Informatik auf den Ellmaustein\",\"datePublished\":\"2021-09-28T08:49:13+00:00\",\"dateModified\":\"2022-05-30T10:00:07+00:00\",\"mainEntityOfPage\":{\"@id\":\"https:\\\/\\\/www.wanderbetrieb.at\\\/wandertagebuch-fuschlseeregion\\\/porsche-informatik-ellmaustein\\\/\"},\"wordCount\":48,\"commentCount\":0,\"publisher\":{\"@id\":\"https:\\\/\\\/www.wanderbetrieb.at\\\/#organization\"},\"image\":{\"@id\":\"https:\\\/\\\/www.wanderbetrieb.at\\\/wandertagebuch-fuschlseeregion\\\/porsche-informatik-ellmaustein\\\/#primaryimage\"},\"thumbnailUrl\":\"https:\\\/\\\/www.wanderbetrieb.at\\\/wp-content\\\/uploads\\\/2022\\\/05\\\/porsche-informatik-ellmaustein-1.jpg\",\"articleSection\":[\"Wandertagebuch\"],\"inLanguage\":\"fr-FR\",\"potentialAction\":[{\"@type\":\"CommentAction\",\"name\":\"Comment\",\"target\":[\"https:\\\/\\\/www.wanderbetrieb.at\\\/wandertagebuch-fuschlseeregion\\\/porsche-informatik-ellmaustein\\\/#respond\"]}]},{\"@type\":\"WebPage\",\"@id\":\"https:\\\/\\\/www.wanderbetrieb.at\\\/wandertagebuch-fuschlseeregion\\\/porsche-informatik-ellmaustein\\\/\",\"url\":\"https:\\\/\\\/www.wanderbetrieb.at\\\/wandertagebuch-fuschlseeregion\\\/porsche-informatik-ellmaustein\\\/\",\"name\":\"Mit der Porsche Informatik auf den Ellmaustein - Wanderbetrieb\",\"isPartOf\":{\"@id\":\"https:\\\/\\\/www.wanderbetrieb.at\\\/#website\"},\"primaryImageOfPage\":{\"@id\":\"https:\\\/\\\/www.wanderbetrieb.at\\\/wandertagebuch-fuschlseeregion\\\/porsche-informatik-ellmaustein\\\/#primaryimage\"},\"image\":{\"@id\":\"https:\\\/\\\/www.wanderbetrieb.at\\\/wandertagebuch-fuschlseeregion\\\/porsche-informatik-ellmaustein\\\/#primaryimage\"},\"thumbnailUrl\":\"https:\\\/\\\/www.wanderbetrieb.at\\\/wp-content\\\/uploads\\\/2022\\\/05\\\/porsche-informatik-ellmaustein-1.jpg\",\"datePublished\":\"2021-09-28T08:49:13+00:00\",\"dateModified\":\"2022-05-30T10:00:07+00:00\",\"description\":\"Der Ellmaustein bietet nach einem Aufstieg von ca. 670 hm einen der imposantesten Ausblicke \u00fcber Fuschl und dem Fuschlsee.\",\"breadcrumb\":{\"@id\":\"https:\\\/\\\/www.wanderbetrieb.at\\\/wandertagebuch-fuschlseeregion\\\/porsche-informatik-ellmaustein\\\/#breadcrumb\"},\"inLanguage\":\"fr-FR\",\"potentialAction\":[{\"@type\":\"ReadAction\",\"target\":[\"https:\\\/\\\/www.wanderbetrieb.at\\\/wandertagebuch-fuschlseeregion\\\/porsche-informatik-ellmaustein\\\/\"]}]},{\"@type\":\"ImageObject\",\"inLanguage\":\"fr-FR\",\"@id\":\"https:\\\/\\\/www.wanderbetrieb.at\\\/wandertagebuch-fuschlseeregion\\\/porsche-informatik-ellmaustein\\\/#primaryimage\",\"url\":\"https:\\\/\\\/www.wanderbetrieb.at\\\/wp-content\\\/uploads\\\/2022\\\/05\\\/porsche-informatik-ellmaustein-1.jpg\",\"contentUrl\":\"https:\\\/\\\/www.wanderbetrieb.at\\\/wp-content\\\/uploads\\\/2022\\\/05\\\/porsche-informatik-ellmaustein-1.jpg\",\"width\":979,\"height\":551,\"caption\":\"Wanderung Porsche Informatik Ellmaustein\"},{\"@type\":\"BreadcrumbList\",\"@id\":\"https:\\\/\\\/www.wanderbetrieb.at\\\/wandertagebuch-fuschlseeregion\\\/porsche-informatik-ellmaustein\\\/#breadcrumb\",\"itemListElement\":[{\"@type\":\"ListItem\",\"position\":1,\"name\":\"Startseite\",\"item\":\"https:\\\/\\\/www.wanderbetrieb.at\\\/\"},{\"@type\":\"ListItem\",\"position\":2,\"name\":\"Mit der Porsche Informatik auf den Ellmaustein\"}]},{\"@type\":\"WebSite\",\"@id\":\"https:\\\/\\\/www.wanderbetrieb.at\\\/#website\",\"url\":\"https:\\\/\\\/www.wanderbetrieb.at\\\/\",\"name\":\"Wanderbetrieb Fuschlseeregion\",\"description\":\"\",\"publisher\":{\"@id\":\"https:\\\/\\\/www.wanderbetrieb.at\\\/#organization\"},\"potentialAction\":[{\"@type\":\"SearchAction\",\"target\":{\"@type\":\"EntryPoint\",\"urlTemplate\":\"https:\\\/\\\/www.wanderbetrieb.at\\\/?s={search_term_string}\"},\"query-input\":{\"@type\":\"PropertyValueSpecification\",\"valueRequired\":true,\"valueName\":\"search_term_string\"}}],\"inLanguage\":\"fr-FR\"},{\"@type\":\"Organization\",\"@id\":\"https:\\\/\\\/www.wanderbetrieb.at\\\/#organization\",\"name\":\"Pension Schierl - Wanderbetrieb in der Fuschlseeregion\",\"url\":\"https:\\\/\\\/www.wanderbetrieb.at\\\/\",\"logo\":{\"@type\":\"ImageObject\",\"inLanguage\":\"fr-FR\",\"@id\":\"https:\\\/\\\/www.wanderbetrieb.at\\\/#\\\/schema\\\/logo\\\/image\\\/\",\"url\":\"https:\\\/\\\/www.wanderbetrieb.at\\\/wp-content\\\/uploads\\\/2022\\\/05\\\/wanderbetrieb-premium.png\",\"contentUrl\":\"https:\\\/\\\/www.wanderbetrieb.at\\\/wp-content\\\/uploads\\\/2022\\\/05\\\/wanderbetrieb-premium.png\",\"width\":126,\"height\":136,\"caption\":\"Pension Schierl - Wanderbetrieb in der Fuschlseeregion\"},\"image\":{\"@id\":\"https:\\\/\\\/www.wanderbetrieb.at\\\/#\\\/schema\\\/logo\\\/image\\\/\"}},{\"@type\":\"Person\",\"@id\":\"https:\\\/\\\/www.wanderbetrieb.at\\\/#\\\/schema\\\/person\\\/906dfd69b680acc005986dfe16242e62\",\"name\":\"Wanderbetrieb\",\"sameAs\":[\"https:\\\/\\\/www.wanderbetrieb.at\"]}]}<\/script>\n<!-- \/ Yoast SEO plugin. -->","yoast_head_json":{"title":"Avec Porsche Informatik sur l&#039;Ellmaustein - op\u00e9ration de randonn\u00e9e","description":"Apr\u00e8s une mont\u00e9e d&#039;environ 670 m, l&#039;Ellmaustein offre l&#039;une des vues les plus impressionnantes sur Fuschl et le lac de Fuschl.","robots":{"index":"index","follow":"follow","max-snippet":"max-snippet:-1","max-image-preview":"max-image-preview:large","max-video-preview":"max-video-preview:-1"},"canonical":"https:\/\/www.wanderbetrieb.at\/fr\/journal-de-randonnee-region-de-fuschlsee\/porsche-informatique-ellmaustein\/","og_locale":"fr_FR","og_type":"article","og_title":"Mit der Porsche Informatik auf den Ellmaustein","og_description":"Der Ellmaustein bietet nach einem Aufstieg von ca. 670 hm einen der imposantesten Ausblicke \u00fcber Fuschl und dem Fuschlsee.","og_url":"https:\/\/www.wanderbetrieb.at\/fr\/journal-de-randonnee-region-de-fuschlsee\/porsche-informatique-ellmaustein\/","og_site_name":"Wanderbetrieb Fuschlseeregion","article_published_time":"2021-09-28T08:49:13+00:00","article_modified_time":"2022-05-30T10:00:07+00:00","og_image":[{"width":979,"height":551,"url":"https:\/\/www.wanderbetrieb.at\/wp-content\/uploads\/2022\/05\/porsche-informatik-ellmaustein-1.jpg","type":"image\/jpeg"}],"author":"Wanderbetrieb","twitter_card":"summary_large_image","twitter_misc":{"\u00c9crit par":"Wanderbetrieb","Dur\u00e9e de lecture estim\u00e9e":"2 minutes"},"schema":{"@context":"https:\/\/schema.org","@graph":[{"@type":"Article","@id":"https:\/\/www.wanderbetrieb.at\/wandertagebuch-fuschlseeregion\/porsche-informatik-ellmaustein\/#article","isPartOf":{"@id":"https:\/\/www.wanderbetrieb.at\/wandertagebuch-fuschlseeregion\/porsche-informatik-ellmaustein\/"},"author":{"name":"Wanderbetrieb","@id":"https:\/\/www.wanderbetrieb.at\/#\/schema\/person\/906dfd69b680acc005986dfe16242e62"},"headline":"Mit der Porsche Informatik auf den Ellmaustein","datePublished":"2021-09-28T08:49:13+00:00","dateModified":"2022-05-30T10:00:07+00:00","mainEntityOfPage":{"@id":"https:\/\/www.wanderbetrieb.at\/wandertagebuch-fuschlseeregion\/porsche-informatik-ellmaustein\/"},"wordCount":48,"commentCount":0,"publisher":{"@id":"https:\/\/www.wanderbetrieb.at\/#organization"},"image":{"@id":"https:\/\/www.wanderbetrieb.at\/wandertagebuch-fuschlseeregion\/porsche-informatik-ellmaustein\/#primaryimage"},"thumbnailUrl":"https:\/\/www.wanderbetrieb.at\/wp-content\/uploads\/2022\/05\/porsche-informatik-ellmaustein-1.jpg","articleSection":["Wandertagebuch"],"inLanguage":"fr-FR","potentialAction":[{"@type":"CommentAction","name":"Comment","target":["https:\/\/www.wanderbetrieb.at\/wandertagebuch-fuschlseeregion\/porsche-informatik-ellmaustein\/#respond"]}]},{"@type":"WebPage","@id":"https:\/\/www.wanderbetrieb.at\/wandertagebuch-fuschlseeregion\/porsche-informatik-ellmaustein\/","url":"https:\/\/www.wanderbetrieb.at\/wandertagebuch-fuschlseeregion\/porsche-informatik-ellmaustein\/","name":"Avec Porsche Informatik sur l&#039;Ellmaustein - op\u00e9ration de randonn\u00e9e","isPartOf":{"@id":"https:\/\/www.wanderbetrieb.at\/#website"},"primaryImageOfPage":{"@id":"https:\/\/www.wanderbetrieb.at\/wandertagebuch-fuschlseeregion\/porsche-informatik-ellmaustein\/#primaryimage"},"image":{"@id":"https:\/\/www.wanderbetrieb.at\/wandertagebuch-fuschlseeregion\/porsche-informatik-ellmaustein\/#primaryimage"},"thumbnailUrl":"https:\/\/www.wanderbetrieb.at\/wp-content\/uploads\/2022\/05\/porsche-informatik-ellmaustein-1.jpg","datePublished":"2021-09-28T08:49:13+00:00","dateModified":"2022-05-30T10:00:07+00:00","description":"Apr\u00e8s une mont\u00e9e d&#039;environ 670 m, l&#039;Ellmaustein offre l&#039;une des vues les plus impressionnantes sur Fuschl et le lac de Fuschl.","breadcrumb":{"@id":"https:\/\/www.wanderbetrieb.at\/wandertagebuch-fuschlseeregion\/porsche-informatik-ellmaustein\/#breadcrumb"},"inLanguage":"fr-FR","potentialAction":[{"@type":"ReadAction","target":["https:\/\/www.wanderbetrieb.at\/wandertagebuch-fuschlseeregion\/porsche-informatik-ellmaustein\/"]}]},{"@type":"ImageObject","inLanguage":"fr-FR","@id":"https:\/\/www.wanderbetrieb.at\/wandertagebuch-fuschlseeregion\/porsche-informatik-ellmaustein\/#primaryimage","url":"https:\/\/www.wanderbetrieb.at\/wp-content\/uploads\/2022\/05\/porsche-informatik-ellmaustein-1.jpg","contentUrl":"https:\/\/www.wanderbetrieb.at\/wp-content\/uploads\/2022\/05\/porsche-informatik-ellmaustein-1.jpg","width":979,"height":551,"caption":"Wanderung Porsche Informatik Ellmaustein"},{"@type":"BreadcrumbList","@id":"https:\/\/www.wanderbetrieb.at\/wandertagebuch-fuschlseeregion\/porsche-informatik-ellmaustein\/#breadcrumb","itemListElement":[{"@type":"ListItem","position":1,"name":"Startseite","item":"https:\/\/www.wanderbetrieb.at\/"},{"@type":"ListItem","position":2,"name":"Mit der Porsche Informatik auf den Ellmaustein"}]},{"@type":"WebSite","@id":"https:\/\/www.wanderbetrieb.at\/#website","url":"https:\/\/www.wanderbetrieb.at\/","name":"Entreprise de randonn\u00e9e r\u00e9gion de Fuschlsee","description":"","publisher":{"@id":"https:\/\/www.wanderbetrieb.at\/#organization"},"potentialAction":[{"@type":"SearchAction","target":{"@type":"EntryPoint","urlTemplate":"https:\/\/www.wanderbetrieb.at\/?s={search_term_string}"},"query-input":{"@type":"PropertyValueSpecification","valueRequired":true,"valueName":"search_term_string"}}],"inLanguage":"fr-FR"},{"@type":"Organization","@id":"https:\/\/www.wanderbetrieb.at\/#organization","name":"Pension Schierl - op\u00e9ration de randonn\u00e9e dans la r\u00e9gion de Fuschlsee","url":"https:\/\/www.wanderbetrieb.at\/","logo":{"@type":"ImageObject","inLanguage":"fr-FR","@id":"https:\/\/www.wanderbetrieb.at\/#\/schema\/logo\/image\/","url":"https:\/\/www.wanderbetrieb.at\/wp-content\/uploads\/2022\/05\/wanderbetrieb-premium.png","contentUrl":"https:\/\/www.wanderbetrieb.at\/wp-content\/uploads\/2022\/05\/wanderbetrieb-premium.png","width":126,"height":136,"caption":"Pension Schierl - Wanderbetrieb in der Fuschlseeregion"},"image":{"@id":"https:\/\/www.wanderbetrieb.at\/#\/schema\/logo\/image\/"}},{"@type":"Person","@id":"https:\/\/www.wanderbetrieb.at\/#\/schema\/person\/906dfd69b680acc005986dfe16242e62","name":"Op\u00e9ration randonn\u00e9e","sameAs":["https:\/\/www.wanderbetrieb.at"]}]}},"_links":{"self":[{"href":"https:\/\/www.wanderbetrieb.at\/fr\/wp-json\/wp\/v2\/posts\/653","targetHints":{"allow":["GET"]}}],"collection":[{"href":"https:\/\/www.wanderbetrieb.at\/fr\/wp-json\/wp\/v2\/posts"}],"about":[{"href":"https:\/\/www.wanderbetrieb.at\/fr\/wp-json\/wp\/v2\/types\/post"}],"author":[{"embeddable":true,"href":"https:\/\/www.wanderbetrieb.at\/fr\/wp-json\/wp\/v2\/users\/1"}],"replies":[{"embeddable":true,"href":"https:\/\/www.wanderbetrieb.at\/fr\/wp-json\/wp\/v2\/comments?post=653"}],"version-history":[{"count":21,"href":"https:\/\/www.wanderbetrieb.at\/fr\/wp-json\/wp\/v2\/posts\/653\/revisions"}],"predecessor-version":[{"id":1981,"href":"https:\/\/www.wanderbetrieb.at\/fr\/wp-json\/wp\/v2\/posts\/653\/revisions\/1981"}],"wp:featuredmedia":[{"embeddable":true,"href":"https:\/\/www.wanderbetrieb.at\/fr\/wp-json\/wp\/v2\/media\/662"}],"wp:attachment":[{"href":"https:\/\/www.wanderbetrieb.at\/fr\/wp-json\/wp\/v2\/media?parent=653"}],"wp:term":[{"taxonomy":"category","embeddable":true,"href":"https:\/\/www.wanderbetrieb.at\/fr\/wp-json\/wp\/v2\/categories?post=653"},{"taxonomy":"post_tag","embeddable":true,"href":"https:\/\/www.wanderbetrieb.at\/fr\/wp-json\/wp\/v2\/tags?post=653"}],"curies":[{"name":"wp","href":"https:\/\/api.w.org\/{rel}","templated":true}]}}