{"id":480,"date":"2021-08-20T11:17:21","date_gmt":"2021-08-20T09:17:21","guid":{"rendered":"https:\/\/www.wanderbetrieb.at\/?p=480"},"modified":"2022-05-30T12:49:00","modified_gmt":"2022-05-30T10:49:00","slug":"da-keflau-a-loipersbacher-hoehe","status":"publish","type":"post","link":"https:\/\/www.wanderbetrieb.at\/it\/wandertagebuch-fuschlseeregion\/von-keflau-auf-die-loipersbacher-hoehe\/","title":{"rendered":"Da Keflau all&#039;altezza del Loipersbacher"},"content":{"rendered":"<div data-elementor-type=\"wp-post\" data-elementor-id=\"480\" class=\"elementor elementor-480\" data-elementor-post-type=\"post\">\n\t\t\t\t\t\t<section class=\"elementor-section elementor-top-section elementor-element elementor-element-5ecc3a33 elementor-section-full_width elementor-section-height-default elementor-section-height-default\" data-id=\"5ecc3a33\" data-element_type=\"section\" data-e-type=\"section\">\n\t\t\t\t\t\t<div class=\"elementor-container elementor-column-gap-default\">\n\t\t\t\t\t<div class=\"elementor-column elementor-col-100 elementor-top-column elementor-element elementor-element-27f3478c\" data-id=\"27f3478c\" data-element_type=\"column\" data-e-type=\"column\">\n\t\t\t<div class=\"elementor-widget-wrap elementor-element-populated\">\n\t\t\t\t\t\t<div class=\"elementor-element elementor-element-25e85abc elementor-widget elementor-widget-heading\" data-id=\"25e85abc\" data-element_type=\"widget\" data-e-type=\"widget\" data-widget_type=\"heading.default\">\n\t\t\t\t<div class=\"elementor-widget-container\">\n\t\t\t\t\t<h1 class=\"elementor-heading-title elementor-size-default\">Da Keflau all&#039;altezza del Loipersbacher<\/h1>\t\t\t\t<\/div>\n\t\t\t\t<\/div>\n\t\t\t\t\t<\/div>\n\t\t<\/div>\n\t\t\t\t\t<\/div>\n\t\t<\/section>\n\t\t\t\t<section class=\"elementor-section elementor-top-section elementor-element elementor-element-45f58e48 elementor-section-full_width elementor-section-height-default elementor-section-height-default\" data-id=\"45f58e48\" data-element_type=\"section\" data-e-type=\"section\">\n\t\t\t\t\t\t<div class=\"elementor-container elementor-column-gap-default\">\n\t\t\t\t\t<div class=\"elementor-column elementor-col-66 elementor-top-column elementor-element elementor-element-3a885b4a\" data-id=\"3a885b4a\" data-element_type=\"column\" data-e-type=\"column\">\n\t\t\t<div class=\"elementor-widget-wrap elementor-element-populated\">\n\t\t\t\t\t\t<div class=\"elementor-element elementor-element-1e12539a elementor-widget elementor-widget-text-editor\" data-id=\"1e12539a\" data-element_type=\"widget\" data-e-type=\"widget\" data-widget_type=\"text-editor.default\">\n\t\t\t\t<div class=\"elementor-widget-container\">\n\t\t\t\t\t\t\t\t\t<h3>Uno dei classici \u00e8 l&#039;escursione dal parcheggio di Keflau al Faistenauer Schafberg o al Loipersbacher H\u00f6he.<\/h3><p>Se il tempo non dovesse essere dei migliori, Barbara alla Lanzenh\u00fctte prepara le ciambelle contadine pi\u00f9 buone in assoluto.<\/p><p>Barbara prepara queste e molte altre cose su una vecchia stufa a legna. Servite dolci o salate, sono una vera delizia dopo tutta la fatica.<\/p>\t\t\t\t\t\t\t\t<\/div>\n\t\t\t\t<\/div>\n\t\t\t\t\t<\/div>\n\t\t<\/div>\n\t\t\t\t<div class=\"elementor-column elementor-col-33 elementor-top-column elementor-element elementor-element-69d43fbf\" data-id=\"69d43fbf\" data-element_type=\"column\" data-e-type=\"column\">\n\t\t\t<div class=\"elementor-widget-wrap elementor-element-populated\">\n\t\t\t\t\t\t<div class=\"elementor-element elementor-element-7523ff5d elementor-widget elementor-widget-video\" data-id=\"7523ff5d\" data-element_type=\"widget\" data-e-type=\"widget\" data-settings=\"{&quot;video_type&quot;:&quot;hosted&quot;,&quot;mute&quot;:&quot;yes&quot;,&quot;controls&quot;:&quot;yes&quot;}\" data-widget_type=\"video.default\">\n\t\t\t\t<div class=\"elementor-widget-container\">\n\t\t\t\t\t\t\t<div class=\"e-hosted-video elementor-wrapper elementor-open-inline\">\n\t\t\t\t\t<video class=\"elementor-video\" src=\"https:\/\/video.relive.cc\/25343197001_relive_1629471662441.mp4?x-ref=site\" controls=\"\" preload=\"metadata\" muted=\"muted\" controlslist=\"nodownload\"><\/video>\n\t\t\t\t<\/div>\n\t\t\t\t\t\t<\/div>\n\t\t\t\t<\/div>\n\t\t\t\t<section class=\"elementor-section elementor-inner-section elementor-element elementor-element-ed31c84 elementor-section-boxed elementor-section-height-default elementor-section-height-default\" data-id=\"ed31c84\" data-element_type=\"section\" data-e-type=\"section\">\n\t\t\t\t\t\t<div class=\"elementor-container elementor-column-gap-default\">\n\t\t\t\t\t<div class=\"elementor-column elementor-col-50 elementor-inner-column elementor-element elementor-element-e167318\" data-id=\"e167318\" data-element_type=\"column\" data-e-type=\"column\">\n\t\t\t<div class=\"elementor-widget-wrap elementor-element-populated\">\n\t\t\t\t\t\t<div class=\"elementor-element elementor-element-1a41d4f6 elementor-align-center elementor-widget__width-inherit .w-100 elementor-widget elementor-widget-button\" data-id=\"1a41d4f6\" data-element_type=\"widget\" data-e-type=\"widget\" data-widget_type=\"button.default\">\n\t\t\t\t<div class=\"elementor-widget-container\">\n\t\t\t\t\t\t\t\t\t<div class=\"elementor-button-wrapper\">\n\t\t\t\t\t<a class=\"elementor-button elementor-button-link elementor-size-sm\" href=\"#route-loipersbacher-hoehe\">\n\t\t\t\t\t\t<span class=\"elementor-button-content-wrapper\">\n\t\t\t\t\t\t<span class=\"elementor-button-icon\">\n\t\t\t\t<i aria-hidden=\"true\" class=\"fas fa-map-marker-alt\"><\/i>\t\t\t<\/span>\n\t\t\t\t\t\t\t\t\t<span class=\"elementor-button-text\">Mostra percorso<\/span>\n\t\t\t\t\t<\/span>\n\t\t\t\t\t<\/a>\n\t\t\t\t<\/div>\n\t\t\t\t\t\t\t\t<\/div>\n\t\t\t\t<\/div>\n\t\t\t\t\t<\/div>\n\t\t<\/div>\n\t\t\t\t<div class=\"elementor-column elementor-col-50 elementor-inner-column elementor-element elementor-element-cefa638\" data-id=\"cefa638\" data-element_type=\"column\" data-e-type=\"column\">\n\t\t\t<div class=\"elementor-widget-wrap elementor-element-populated\">\n\t\t\t\t\t\t<div class=\"elementor-element elementor-element-0d0fc2d w-100 elementor-widget elementor-widget-button\" data-id=\"0d0fc2d\" data-element_type=\"widget\" data-e-type=\"widget\" id=\"btn-back\" data-widget_type=\"button.default\">\n\t\t\t\t<div class=\"elementor-widget-container\">\n\t\t\t\t\t\t\t\t\t<div class=\"elementor-button-wrapper\">\n\t\t\t\t\t<a class=\"elementor-button elementor-button-link elementor-size-sm\" href=\"#\">\n\t\t\t\t\t\t<span class=\"elementor-button-content-wrapper\">\n\t\t\t\t\t\t<span class=\"elementor-button-icon\">\n\t\t\t\t<i aria-hidden=\"true\" class=\"fas fa-step-backward\"><\/i>\t\t\t<\/span>\n\t\t\t\t\t\t\t\t\t<span class=\"elementor-button-text\">Ritorno<\/span>\n\t\t\t\t\t<\/span>\n\t\t\t\t\t<\/a>\n\t\t\t\t<\/div>\n\t\t\t\t\t\t\t\t<\/div>\n\t\t\t\t<\/div>\n\t\t\t\t\t<\/div>\n\t\t<\/div>\n\t\t\t\t\t<\/div>\n\t\t<\/section>\n\t\t\t\t\t<\/div>\n\t\t<\/div>\n\t\t\t\t\t<\/div>\n\t\t<\/section>\n\t\t\t\t<section class=\"elementor-section elementor-top-section elementor-element elementor-element-54768bee elementor-section-full_width elementor-section-height-default elementor-section-height-default\" data-id=\"54768bee\" data-element_type=\"section\" data-e-type=\"section\">\n\t\t\t\t\t\t<div class=\"elementor-container elementor-column-gap-default\">\n\t\t\t\t\t<div class=\"elementor-column elementor-col-100 elementor-top-column elementor-element elementor-element-13421acd\" data-id=\"13421acd\" data-element_type=\"column\" data-e-type=\"column\">\n\t\t\t<div class=\"elementor-widget-wrap elementor-element-populated\">\n\t\t\t\t\t\t<div class=\"elementor-element elementor-element-e00b505 gallery-spacing-custom elementor-widget elementor-widget-image-gallery\" data-id=\"e00b505\" data-element_type=\"widget\" data-e-type=\"widget\" data-widget_type=\"image-gallery.default\">\n\t\t\t\t<div class=\"elementor-widget-container\">\n\t\t\t\t\t\t\t<div class=\"elementor-image-gallery\">\n\t\t\t<div id='gallery-1' class='gallery galleryid-480 gallery-columns-4 gallery-size-medium_large'><figure class='gallery-item'>\n\t\t\t<div class='gallery-icon landscape'>\n\t\t\t\t<a data-elementor-open-lightbox=\"yes\" data-elementor-lightbox-slideshow=\"e00b505\" data-elementor-lightbox-title=\"Von Keflau auf die Loipersbacher H\u00f6he\" data-e-action-hash=\"#elementor-action%3Aaction%3Dlightbox%26settings%3DeyJpZCI6NDgzLCJ1cmwiOiJodHRwczpcL1wvd3d3LndhbmRlcmJldHJpZWIuYXRcL3dwLWNvbnRlbnRcL3VwbG9hZHNcLzIwMjJcLzA1XC92b24ta2VmbGF1LWF1Zi1kaWUtbG9pcGVyc2JhY2hlci1ob2VoZS0xLmpwZyIsInNsaWRlc2hvdyI6ImUwMGI1MDUifQ%3D%3D\" href='https:\/\/www.wanderbetrieb.at\/wp-content\/uploads\/2022\/05\/von-keflau-auf-die-loipersbacher-hoehe-1.jpg'><img fetchpriority=\"high\" decoding=\"async\" width=\"768\" height=\"432\" src=\"https:\/\/www.wanderbetrieb.at\/wp-content\/uploads\/2022\/05\/von-keflau-auf-die-loipersbacher-hoehe-1-768x432.jpg\" class=\"attachment-medium_large size-medium_large\" alt=\"Da Keflau all&#039;altezza del Loipersbacher\" srcset=\"https:\/\/www.wanderbetrieb.at\/wp-content\/uploads\/2022\/05\/von-keflau-auf-die-loipersbacher-hoehe-1-768x432.jpg 768w, https:\/\/www.wanderbetrieb.at\/wp-content\/uploads\/2022\/05\/von-keflau-auf-die-loipersbacher-hoehe-1-600x338.jpg 600w, https:\/\/www.wanderbetrieb.at\/wp-content\/uploads\/2022\/05\/von-keflau-auf-die-loipersbacher-hoehe-1-300x169.jpg 300w, https:\/\/www.wanderbetrieb.at\/wp-content\/uploads\/2022\/05\/von-keflau-auf-die-loipersbacher-hoehe-1-1024x576.jpg 1024w, https:\/\/www.wanderbetrieb.at\/wp-content\/uploads\/2022\/05\/von-keflau-auf-die-loipersbacher-hoehe-1.jpg 1280w\" sizes=\"(max-width: 768px) 100vw, 768px\" \/><\/a>\n\t\t\t<\/div><\/figure><figure class='gallery-item'>\n\t\t\t<div class='gallery-icon landscape'>\n\t\t\t\t<a data-elementor-open-lightbox=\"yes\" data-elementor-lightbox-slideshow=\"e00b505\" data-elementor-lightbox-title=\"Von Keflau auf die Loipersbacher H\u00f6he\" data-e-action-hash=\"#elementor-action%3Aaction%3Dlightbox%26settings%3DeyJpZCI6NDg0LCJ1cmwiOiJodHRwczpcL1wvd3d3LndhbmRlcmJldHJpZWIuYXRcL3dwLWNvbnRlbnRcL3VwbG9hZHNcLzIwMjJcLzA1XC92b24ta2VmbGF1LWF1Zi1kaWUtbG9pcGVyc2JhY2hlci1ob2VoZS0yLmpwZyIsInNsaWRlc2hvdyI6ImUwMGI1MDUifQ%3D%3D\" href='https:\/\/www.wanderbetrieb.at\/wp-content\/uploads\/2022\/05\/von-keflau-auf-die-loipersbacher-hoehe-2.jpg'><img decoding=\"async\" width=\"768\" height=\"432\" src=\"https:\/\/www.wanderbetrieb.at\/wp-content\/uploads\/2022\/05\/von-keflau-auf-die-loipersbacher-hoehe-2-768x432.jpg\" class=\"attachment-medium_large size-medium_large\" alt=\"Da Keflau all&#039;altezza del Loipersbacher\" srcset=\"https:\/\/www.wanderbetrieb.at\/wp-content\/uploads\/2022\/05\/von-keflau-auf-die-loipersbacher-hoehe-2-768x432.jpg 768w, https:\/\/www.wanderbetrieb.at\/wp-content\/uploads\/2022\/05\/von-keflau-auf-die-loipersbacher-hoehe-2-600x338.jpg 600w, https:\/\/www.wanderbetrieb.at\/wp-content\/uploads\/2022\/05\/von-keflau-auf-die-loipersbacher-hoehe-2-300x169.jpg 300w, https:\/\/www.wanderbetrieb.at\/wp-content\/uploads\/2022\/05\/von-keflau-auf-die-loipersbacher-hoehe-2-1024x576.jpg 1024w, https:\/\/www.wanderbetrieb.at\/wp-content\/uploads\/2022\/05\/von-keflau-auf-die-loipersbacher-hoehe-2.jpg 1280w\" sizes=\"(max-width: 768px) 100vw, 768px\" \/><\/a>\n\t\t\t<\/div><\/figure><figure class='gallery-item'>\n\t\t\t<div class='gallery-icon landscape'>\n\t\t\t\t<a data-elementor-open-lightbox=\"yes\" data-elementor-lightbox-slideshow=\"e00b505\" data-elementor-lightbox-title=\"Von Keflau auf die Loipersbacher H\u00f6he\" data-e-action-hash=\"#elementor-action%3Aaction%3Dlightbox%26settings%3DeyJpZCI6NDg1LCJ1cmwiOiJodHRwczpcL1wvd3d3LndhbmRlcmJldHJpZWIuYXRcL3dwLWNvbnRlbnRcL3VwbG9hZHNcLzIwMjJcLzA1XC92b24ta2VmbGF1LWF1Zi1kaWUtbG9pcGVyc2JhY2hlci1ob2VoZS0zLmpwZyIsInNsaWRlc2hvdyI6ImUwMGI1MDUifQ%3D%3D\" href='https:\/\/www.wanderbetrieb.at\/wp-content\/uploads\/2022\/05\/von-keflau-auf-die-loipersbacher-hoehe-3.jpg'><img decoding=\"async\" width=\"768\" height=\"432\" src=\"https:\/\/www.wanderbetrieb.at\/wp-content\/uploads\/2022\/05\/von-keflau-auf-die-loipersbacher-hoehe-3-768x432.jpg\" class=\"attachment-medium_large size-medium_large\" alt=\"Da Keflau all&#039;altezza del Loipersbacher\" srcset=\"https:\/\/www.wanderbetrieb.at\/wp-content\/uploads\/2022\/05\/von-keflau-auf-die-loipersbacher-hoehe-3-768x432.jpg 768w, https:\/\/www.wanderbetrieb.at\/wp-content\/uploads\/2022\/05\/von-keflau-auf-die-loipersbacher-hoehe-3-600x338.jpg 600w, https:\/\/www.wanderbetrieb.at\/wp-content\/uploads\/2022\/05\/von-keflau-auf-die-loipersbacher-hoehe-3-300x169.jpg 300w, https:\/\/www.wanderbetrieb.at\/wp-content\/uploads\/2022\/05\/von-keflau-auf-die-loipersbacher-hoehe-3-1024x576.jpg 1024w, https:\/\/www.wanderbetrieb.at\/wp-content\/uploads\/2022\/05\/von-keflau-auf-die-loipersbacher-hoehe-3.jpg 1280w\" sizes=\"(max-width: 768px) 100vw, 768px\" \/><\/a>\n\t\t\t<\/div><\/figure><figure class='gallery-item'>\n\t\t\t<div class='gallery-icon landscape'>\n\t\t\t\t<a data-elementor-open-lightbox=\"yes\" data-elementor-lightbox-slideshow=\"e00b505\" data-elementor-lightbox-title=\"Von Keflau auf die Loipersbacher H\u00f6he\" data-e-action-hash=\"#elementor-action%3Aaction%3Dlightbox%26settings%3DeyJpZCI6NDg2LCJ1cmwiOiJodHRwczpcL1wvd3d3LndhbmRlcmJldHJpZWIuYXRcL3dwLWNvbnRlbnRcL3VwbG9hZHNcLzIwMjJcLzA1XC92b24ta2VmbGF1LWF1Zi1kaWUtbG9pcGVyc2JhY2hlci1ob2VoZS00LmpwZyIsInNsaWRlc2hvdyI6ImUwMGI1MDUifQ%3D%3D\" href='https:\/\/www.wanderbetrieb.at\/wp-content\/uploads\/2022\/05\/von-keflau-auf-die-loipersbacher-hoehe-4.jpg'><img loading=\"lazy\" decoding=\"async\" width=\"768\" height=\"432\" src=\"https:\/\/www.wanderbetrieb.at\/wp-content\/uploads\/2022\/05\/von-keflau-auf-die-loipersbacher-hoehe-4-768x432.jpg\" class=\"attachment-medium_large size-medium_large\" alt=\"Da Keflau all&#039;altezza del Loipersbacher\" srcset=\"https:\/\/www.wanderbetrieb.at\/wp-content\/uploads\/2022\/05\/von-keflau-auf-die-loipersbacher-hoehe-4-768x432.jpg 768w, https:\/\/www.wanderbetrieb.at\/wp-content\/uploads\/2022\/05\/von-keflau-auf-die-loipersbacher-hoehe-4-600x338.jpg 600w, https:\/\/www.wanderbetrieb.at\/wp-content\/uploads\/2022\/05\/von-keflau-auf-die-loipersbacher-hoehe-4-300x169.jpg 300w, https:\/\/www.wanderbetrieb.at\/wp-content\/uploads\/2022\/05\/von-keflau-auf-die-loipersbacher-hoehe-4-1024x576.jpg 1024w, https:\/\/www.wanderbetrieb.at\/wp-content\/uploads\/2022\/05\/von-keflau-auf-die-loipersbacher-hoehe-4.jpg 1280w\" sizes=\"(max-width: 768px) 100vw, 768px\" \/><\/a>\n\t\t\t<\/div><\/figure><figure class='gallery-item'>\n\t\t\t<div class='gallery-icon landscape'>\n\t\t\t\t<a data-elementor-open-lightbox=\"yes\" data-elementor-lightbox-slideshow=\"e00b505\" data-elementor-lightbox-title=\"Von Keflau auf die Loipersbacher H\u00f6he\" data-e-action-hash=\"#elementor-action%3Aaction%3Dlightbox%26settings%3DeyJpZCI6NDg3LCJ1cmwiOiJodHRwczpcL1wvd3d3LndhbmRlcmJldHJpZWIuYXRcL3dwLWNvbnRlbnRcL3VwbG9hZHNcLzIwMjJcLzA1XC92b24ta2VmbGF1LWF1Zi1kaWUtbG9pcGVyc2JhY2hlci1ob2VoZS01LmpwZyIsInNsaWRlc2hvdyI6ImUwMGI1MDUifQ%3D%3D\" href='https:\/\/www.wanderbetrieb.at\/wp-content\/uploads\/2022\/05\/von-keflau-auf-die-loipersbacher-hoehe-5.jpg'><img loading=\"lazy\" decoding=\"async\" width=\"768\" height=\"432\" src=\"https:\/\/www.wanderbetrieb.at\/wp-content\/uploads\/2022\/05\/von-keflau-auf-die-loipersbacher-hoehe-5-768x432.jpg\" class=\"attachment-medium_large size-medium_large\" alt=\"Da Keflau all&#039;altezza del Loipersbacher\" srcset=\"https:\/\/www.wanderbetrieb.at\/wp-content\/uploads\/2022\/05\/von-keflau-auf-die-loipersbacher-hoehe-5-768x432.jpg 768w, https:\/\/www.wanderbetrieb.at\/wp-content\/uploads\/2022\/05\/von-keflau-auf-die-loipersbacher-hoehe-5-600x338.jpg 600w, https:\/\/www.wanderbetrieb.at\/wp-content\/uploads\/2022\/05\/von-keflau-auf-die-loipersbacher-hoehe-5-300x169.jpg 300w, https:\/\/www.wanderbetrieb.at\/wp-content\/uploads\/2022\/05\/von-keflau-auf-die-loipersbacher-hoehe-5-1024x576.jpg 1024w, https:\/\/www.wanderbetrieb.at\/wp-content\/uploads\/2022\/05\/von-keflau-auf-die-loipersbacher-hoehe-5.jpg 1280w\" sizes=\"(max-width: 768px) 100vw, 768px\" \/><\/a>\n\t\t\t<\/div><\/figure><figure class='gallery-item'>\n\t\t\t<div class='gallery-icon landscape'>\n\t\t\t\t<a data-elementor-open-lightbox=\"yes\" data-elementor-lightbox-slideshow=\"e00b505\" data-elementor-lightbox-title=\"Von Keflau auf die Loipersbacher H\u00f6he\" data-e-action-hash=\"#elementor-action%3Aaction%3Dlightbox%26settings%3DeyJpZCI6NDg4LCJ1cmwiOiJodHRwczpcL1wvd3d3LndhbmRlcmJldHJpZWIuYXRcL3dwLWNvbnRlbnRcL3VwbG9hZHNcLzIwMjJcLzA1XC92b24ta2VmbGF1LWF1Zi1kaWUtbG9pcGVyc2JhY2hlci1ob2VoZS02LmpwZyIsInNsaWRlc2hvdyI6ImUwMGI1MDUifQ%3D%3D\" href='https:\/\/www.wanderbetrieb.at\/wp-content\/uploads\/2022\/05\/von-keflau-auf-die-loipersbacher-hoehe-6.jpg'><img loading=\"lazy\" decoding=\"async\" width=\"768\" height=\"432\" src=\"https:\/\/www.wanderbetrieb.at\/wp-content\/uploads\/2022\/05\/von-keflau-auf-die-loipersbacher-hoehe-6-768x432.jpg\" class=\"attachment-medium_large size-medium_large\" alt=\"Da Keflau all&#039;altezza del Loipersbacher\" srcset=\"https:\/\/www.wanderbetrieb.at\/wp-content\/uploads\/2022\/05\/von-keflau-auf-die-loipersbacher-hoehe-6-768x432.jpg 768w, https:\/\/www.wanderbetrieb.at\/wp-content\/uploads\/2022\/05\/von-keflau-auf-die-loipersbacher-hoehe-6-600x338.jpg 600w, https:\/\/www.wanderbetrieb.at\/wp-content\/uploads\/2022\/05\/von-keflau-auf-die-loipersbacher-hoehe-6-300x169.jpg 300w, https:\/\/www.wanderbetrieb.at\/wp-content\/uploads\/2022\/05\/von-keflau-auf-die-loipersbacher-hoehe-6-1024x576.jpg 1024w, https:\/\/www.wanderbetrieb.at\/wp-content\/uploads\/2022\/05\/von-keflau-auf-die-loipersbacher-hoehe-6.jpg 1280w\" sizes=\"(max-width: 768px) 100vw, 768px\" \/><\/a>\n\t\t\t<\/div><\/figure><figure class='gallery-item'>\n\t\t\t<div class='gallery-icon landscape'>\n\t\t\t\t<a data-elementor-open-lightbox=\"yes\" data-elementor-lightbox-slideshow=\"e00b505\" data-elementor-lightbox-title=\"Von Keflau auf die Loipersbacher H\u00f6he\" data-e-action-hash=\"#elementor-action%3Aaction%3Dlightbox%26settings%3DeyJpZCI6NDg5LCJ1cmwiOiJodHRwczpcL1wvd3d3LndhbmRlcmJldHJpZWIuYXRcL3dwLWNvbnRlbnRcL3VwbG9hZHNcLzIwMjJcLzA1XC92b24ta2VmbGF1LWF1Zi1kaWUtbG9pcGVyc2JhY2hlci1ob2VoZS03LmpwZyIsInNsaWRlc2hvdyI6ImUwMGI1MDUifQ%3D%3D\" href='https:\/\/www.wanderbetrieb.at\/wp-content\/uploads\/2022\/05\/von-keflau-auf-die-loipersbacher-hoehe-7.jpg'><img loading=\"lazy\" decoding=\"async\" width=\"768\" height=\"432\" src=\"https:\/\/www.wanderbetrieb.at\/wp-content\/uploads\/2022\/05\/von-keflau-auf-die-loipersbacher-hoehe-7-768x432.jpg\" class=\"attachment-medium_large size-medium_large\" alt=\"Da Keflau all&#039;altezza del Loipersbacher\" srcset=\"https:\/\/www.wanderbetrieb.at\/wp-content\/uploads\/2022\/05\/von-keflau-auf-die-loipersbacher-hoehe-7-768x432.jpg 768w, https:\/\/www.wanderbetrieb.at\/wp-content\/uploads\/2022\/05\/von-keflau-auf-die-loipersbacher-hoehe-7-600x338.jpg 600w, https:\/\/www.wanderbetrieb.at\/wp-content\/uploads\/2022\/05\/von-keflau-auf-die-loipersbacher-hoehe-7-300x169.jpg 300w, https:\/\/www.wanderbetrieb.at\/wp-content\/uploads\/2022\/05\/von-keflau-auf-die-loipersbacher-hoehe-7-1024x576.jpg 1024w, https:\/\/www.wanderbetrieb.at\/wp-content\/uploads\/2022\/05\/von-keflau-auf-die-loipersbacher-hoehe-7.jpg 1280w\" sizes=\"(max-width: 768px) 100vw, 768px\" \/><\/a>\n\t\t\t<\/div><\/figure>\n\t\t<\/div>\n\t\t<\/div>\n\t\t\t\t\t\t<\/div>\n\t\t\t\t<\/div>\n\t\t\t\t\t<\/div>\n\t\t<\/div>\n\t\t\t\t\t<\/div>\n\t\t<\/section>\n\t\t\t\t<\/div>\n\t\t<div id=\"masterqrPost\" style=\"text-align:left\"><\/div><div class =\"mqrbtnalign\" style=\"    display: flex;justify-content:left\"><div style=\"width:254px;display:flex;align-items: center;justify-content: center;font-size: small\"><a id=\"downloadbuton2\" download=\"Von Keflau auf die Loipersbacher H\u00f6he.png\" class=\"btn_fromt_canvas\" style=\"color:#fff;background:#16601a;\">Scarica QR\n                <\/a><a id=\"printButtoncont\" style=\"margin-left:10px;color:#fff;background:#e53463\";>Stampa QR<\/a>\n                <div><\/div><script>function masterqrCurrentPAge(){new QRCode(document.getElementById(\"masterqrPost\"),{text: \"https:\/\/www.wanderbetrieb.at\/it\/wp-json\/wp\/v2\/posts\/480\", width: 254, height: 254, colorDark: \"#000000\", colorLight:\"#fff\", PI: \"#000000\", PO: \"#000000\", AI: \"#000000\", AO: \"#000000\", PI_TL: \"#000000\", PO_TL: \"#000000\", logo: \"\", logoWidth: 55, logoHeight: 55, logoBackgroundTransparent: true, backgroundImage: \"\", dotScale: \"0.6\", timing: \"#000000\", timing_V: \"#000000\", backgroundImageAlpha: \"0.3\",});}masterqrCurrentPAge(); <\/script>","protected":false},"excerpt":{"rendered":"<p>Einer der Klassiker ist die Wanderung vom Parkplatz Keflau auf den Faistenauer Schafberg oder auf die Loipersbacher H\u00f6he. Sollte das Wetter einmal nicht so sein wie man es sich w\u00fcnscht, bei der Barbara in der Lanzenh\u00fctte gibt es die besten Bauernkrapfen ever. Barbara macht diese und noch vieles andere, auf einem alten Holzofen. S\u00fc\u00df oder [&hellip;]<\/p>\n","protected":false},"author":1,"featured_media":486,"comment_status":"open","ping_status":"open","sticky":false,"template":"elementor_header_footer","format":"standard","meta":{"site-sidebar-layout":"default","site-content-layout":"default","ast-site-content-layout":"default","site-content-style":"default","site-sidebar-style":"default","ast-global-header-display":"","ast-banner-title-visibility":"","ast-main-header-display":"","ast-hfb-above-header-display":"","ast-hfb-below-header-display":"","ast-hfb-mobile-header-display":"","site-post-title":"","ast-breadcrumbs-content":"","ast-featured-img":"","footer-sml-layout":"","ast-disable-related-posts":"","theme-transparent-header-meta":"default","adv-header-id-meta":"","stick-header-meta":"","header-above-stick-meta":"","header-main-stick-meta":"","header-below-stick-meta":"","astra-migrate-meta-layouts":"default","ast-page-background-enabled":"default","ast-page-background-meta":{"desktop":{"background-color":"var(--ast-global-color-4)","background-image":"","background-repeat":"repeat","background-position":"center center","background-size":"auto","background-attachment":"scroll","background-type":"","background-media":"","overlay-type":"","overlay-color":"","overlay-opacity":"","overlay-gradient":""},"tablet":{"background-color":"","background-image":"","background-repeat":"repeat","background-position":"center center","background-size":"auto","background-attachment":"scroll","background-type":"","background-media":"","overlay-type":"","overlay-color":"","overlay-opacity":"","overlay-gradient":""},"mobile":{"background-color":"","background-image":"","background-repeat":"repeat","background-position":"center center","background-size":"auto","background-attachment":"scroll","background-type":"","background-media":"","overlay-type":"","overlay-color":"","overlay-opacity":"","overlay-gradient":""}},"ast-content-background-meta":{"desktop":{"background-color":"var(--ast-global-color-5)","background-image":"","background-repeat":"repeat","background-position":"center center","background-size":"auto","background-attachment":"scroll","background-type":"","background-media":"","overlay-type":"","overlay-color":"","overlay-opacity":"","overlay-gradient":""},"tablet":{"background-color":"var(--ast-global-color-5)","background-image":"","background-repeat":"repeat","background-position":"center center","background-size":"auto","background-attachment":"scroll","background-type":"","background-media":"","overlay-type":"","overlay-color":"","overlay-opacity":"","overlay-gradient":""},"mobile":{"background-color":"var(--ast-global-color-5)","background-image":"","background-repeat":"repeat","background-position":"center center","background-size":"auto","background-attachment":"scroll","background-type":"","background-media":"","overlay-type":"","overlay-color":"","overlay-opacity":"","overlay-gradient":""}},"footnotes":""},"categories":[7],"tags":[],"class_list":["post-480","post","type-post","status-publish","format-standard","has-post-thumbnail","hentry","category-wandertagebuch-fuschlseeregion"],"yoast_head":"<!-- This site is optimized with the Yoast SEO plugin v27.4 - https:\/\/yoast.com\/product\/yoast-seo-wordpress\/ -->\n<title>Von Keflau auf die Loipersbacher H\u00f6he - Wanderbetrieb Fuschlseeregion<\/title>\n<meta name=\"description\" content=\"Einer der Klassiker ist die Wanderung vom Parkplatz Keflau auf den Faistenauer Schafberg oder auf die Loipersbacher H\u00f6he.\" \/>\n<meta name=\"robots\" content=\"index, follow, max-snippet:-1, max-image-preview:large, max-video-preview:-1\" \/>\n<link rel=\"canonical\" href=\"https:\/\/www.wanderbetrieb.at\/it\/diario-escursionistico-regione-del-fuschlsee\/da-keflau-a-loipersbacher-hoehe\/\" \/>\n<meta property=\"og:locale\" content=\"it_IT\" \/>\n<meta property=\"og:type\" content=\"article\" \/>\n<meta property=\"og:title\" content=\"Von Keflau auf die Loipersbacher H\u00f6he - Wanderbetrieb Fuschlseeregion\" \/>\n<meta property=\"og:description\" content=\"Einer der Klassiker ist die Wanderung vom Parkplatz Keflau auf den Faistenauer Schafberg oder auf die Loipersbacher H\u00f6he.\" \/>\n<meta property=\"og:url\" content=\"https:\/\/www.wanderbetrieb.at\/it\/diario-escursionistico-regione-del-fuschlsee\/da-keflau-a-loipersbacher-hoehe\/\" \/>\n<meta property=\"og:site_name\" content=\"Wanderbetrieb Fuschlseeregion\" \/>\n<meta property=\"article:published_time\" content=\"2021-08-20T09:17:21+00:00\" \/>\n<meta property=\"article:modified_time\" content=\"2022-05-30T10:49:00+00:00\" \/>\n<meta property=\"og:image\" content=\"https:\/\/www.wanderbetrieb.at\/wp-content\/uploads\/2022\/05\/von-keflau-auf-die-loipersbacher-hoehe-7.jpg\" \/>\n\t<meta property=\"og:image:width\" content=\"1280\" \/>\n\t<meta property=\"og:image:height\" content=\"720\" \/>\n\t<meta property=\"og:image:type\" content=\"image\/jpeg\" \/>\n<meta name=\"author\" content=\"Wanderbetrieb\" \/>\n<meta name=\"twitter:card\" content=\"summary_large_image\" \/>\n<meta name=\"twitter:label1\" content=\"Scritto da\" \/>\n\t<meta name=\"twitter:data1\" content=\"Wanderbetrieb\" \/>\n\t<meta name=\"twitter:label2\" content=\"Tempo di lettura stimato\" \/>\n\t<meta name=\"twitter:data2\" content=\"2 minuti\" \/>\n<script type=\"application\/ld+json\" class=\"yoast-schema-graph\">{\"@context\":\"https:\\\/\\\/schema.org\",\"@graph\":[{\"@type\":\"Article\",\"@id\":\"https:\\\/\\\/www.wanderbetrieb.at\\\/wandertagebuch-fuschlseeregion\\\/von-keflau-auf-die-loipersbacher-hoehe\\\/#article\",\"isPartOf\":{\"@id\":\"https:\\\/\\\/www.wanderbetrieb.at\\\/wandertagebuch-fuschlseeregion\\\/von-keflau-auf-die-loipersbacher-hoehe\\\/\"},\"author\":{\"name\":\"Wanderbetrieb\",\"@id\":\"https:\\\/\\\/www.wanderbetrieb.at\\\/#\\\/schema\\\/person\\\/906dfd69b680acc005986dfe16242e62\"},\"headline\":\"Von Keflau auf die Loipersbacher H\u00f6he\",\"datePublished\":\"2021-08-20T09:17:21+00:00\",\"dateModified\":\"2022-05-30T10:49:00+00:00\",\"mainEntityOfPage\":{\"@id\":\"https:\\\/\\\/www.wanderbetrieb.at\\\/wandertagebuch-fuschlseeregion\\\/von-keflau-auf-die-loipersbacher-hoehe\\\/\"},\"wordCount\":87,\"commentCount\":0,\"publisher\":{\"@id\":\"https:\\\/\\\/www.wanderbetrieb.at\\\/#organization\"},\"image\":{\"@id\":\"https:\\\/\\\/www.wanderbetrieb.at\\\/wandertagebuch-fuschlseeregion\\\/von-keflau-auf-die-loipersbacher-hoehe\\\/#primaryimage\"},\"thumbnailUrl\":\"https:\\\/\\\/www.wanderbetrieb.at\\\/wp-content\\\/uploads\\\/2022\\\/05\\\/von-keflau-auf-die-loipersbacher-hoehe-4.jpg\",\"articleSection\":[\"Wandertagebuch\"],\"inLanguage\":\"it-IT\",\"potentialAction\":[{\"@type\":\"CommentAction\",\"name\":\"Comment\",\"target\":[\"https:\\\/\\\/www.wanderbetrieb.at\\\/wandertagebuch-fuschlseeregion\\\/von-keflau-auf-die-loipersbacher-hoehe\\\/#respond\"]}]},{\"@type\":\"WebPage\",\"@id\":\"https:\\\/\\\/www.wanderbetrieb.at\\\/wandertagebuch-fuschlseeregion\\\/von-keflau-auf-die-loipersbacher-hoehe\\\/\",\"url\":\"https:\\\/\\\/www.wanderbetrieb.at\\\/wandertagebuch-fuschlseeregion\\\/von-keflau-auf-die-loipersbacher-hoehe\\\/\",\"name\":\"Von Keflau auf die Loipersbacher H\u00f6he - Wanderbetrieb Fuschlseeregion\",\"isPartOf\":{\"@id\":\"https:\\\/\\\/www.wanderbetrieb.at\\\/#website\"},\"primaryImageOfPage\":{\"@id\":\"https:\\\/\\\/www.wanderbetrieb.at\\\/wandertagebuch-fuschlseeregion\\\/von-keflau-auf-die-loipersbacher-hoehe\\\/#primaryimage\"},\"image\":{\"@id\":\"https:\\\/\\\/www.wanderbetrieb.at\\\/wandertagebuch-fuschlseeregion\\\/von-keflau-auf-die-loipersbacher-hoehe\\\/#primaryimage\"},\"thumbnailUrl\":\"https:\\\/\\\/www.wanderbetrieb.at\\\/wp-content\\\/uploads\\\/2022\\\/05\\\/von-keflau-auf-die-loipersbacher-hoehe-4.jpg\",\"datePublished\":\"2021-08-20T09:17:21+00:00\",\"dateModified\":\"2022-05-30T10:49:00+00:00\",\"description\":\"Einer der Klassiker ist die Wanderung vom Parkplatz Keflau auf den Faistenauer Schafberg oder auf die Loipersbacher H\u00f6he.\",\"breadcrumb\":{\"@id\":\"https:\\\/\\\/www.wanderbetrieb.at\\\/wandertagebuch-fuschlseeregion\\\/von-keflau-auf-die-loipersbacher-hoehe\\\/#breadcrumb\"},\"inLanguage\":\"it-IT\",\"potentialAction\":[{\"@type\":\"ReadAction\",\"target\":[\"https:\\\/\\\/www.wanderbetrieb.at\\\/wandertagebuch-fuschlseeregion\\\/von-keflau-auf-die-loipersbacher-hoehe\\\/\"]}]},{\"@type\":\"ImageObject\",\"inLanguage\":\"it-IT\",\"@id\":\"https:\\\/\\\/www.wanderbetrieb.at\\\/wandertagebuch-fuschlseeregion\\\/von-keflau-auf-die-loipersbacher-hoehe\\\/#primaryimage\",\"url\":\"https:\\\/\\\/www.wanderbetrieb.at\\\/wp-content\\\/uploads\\\/2022\\\/05\\\/von-keflau-auf-die-loipersbacher-hoehe-4.jpg\",\"contentUrl\":\"https:\\\/\\\/www.wanderbetrieb.at\\\/wp-content\\\/uploads\\\/2022\\\/05\\\/von-keflau-auf-die-loipersbacher-hoehe-4.jpg\",\"width\":1280,\"height\":720,\"caption\":\"Von Keflau auf die Loipersbacher H\u00f6he\"},{\"@type\":\"BreadcrumbList\",\"@id\":\"https:\\\/\\\/www.wanderbetrieb.at\\\/wandertagebuch-fuschlseeregion\\\/von-keflau-auf-die-loipersbacher-hoehe\\\/#breadcrumb\",\"itemListElement\":[{\"@type\":\"ListItem\",\"position\":1,\"name\":\"Startseite\",\"item\":\"https:\\\/\\\/www.wanderbetrieb.at\\\/\"},{\"@type\":\"ListItem\",\"position\":2,\"name\":\"Von Keflau auf die Loipersbacher H\u00f6he\"}]},{\"@type\":\"WebSite\",\"@id\":\"https:\\\/\\\/www.wanderbetrieb.at\\\/#website\",\"url\":\"https:\\\/\\\/www.wanderbetrieb.at\\\/\",\"name\":\"Wanderbetrieb Fuschlseeregion\",\"description\":\"\",\"publisher\":{\"@id\":\"https:\\\/\\\/www.wanderbetrieb.at\\\/#organization\"},\"potentialAction\":[{\"@type\":\"SearchAction\",\"target\":{\"@type\":\"EntryPoint\",\"urlTemplate\":\"https:\\\/\\\/www.wanderbetrieb.at\\\/?s={search_term_string}\"},\"query-input\":{\"@type\":\"PropertyValueSpecification\",\"valueRequired\":true,\"valueName\":\"search_term_string\"}}],\"inLanguage\":\"it-IT\"},{\"@type\":\"Organization\",\"@id\":\"https:\\\/\\\/www.wanderbetrieb.at\\\/#organization\",\"name\":\"Pension Schierl - Wanderbetrieb in der Fuschlseeregion\",\"url\":\"https:\\\/\\\/www.wanderbetrieb.at\\\/\",\"logo\":{\"@type\":\"ImageObject\",\"inLanguage\":\"it-IT\",\"@id\":\"https:\\\/\\\/www.wanderbetrieb.at\\\/#\\\/schema\\\/logo\\\/image\\\/\",\"url\":\"https:\\\/\\\/www.wanderbetrieb.at\\\/wp-content\\\/uploads\\\/2022\\\/05\\\/wanderbetrieb-premium.png\",\"contentUrl\":\"https:\\\/\\\/www.wanderbetrieb.at\\\/wp-content\\\/uploads\\\/2022\\\/05\\\/wanderbetrieb-premium.png\",\"width\":126,\"height\":136,\"caption\":\"Pension Schierl - Wanderbetrieb in der Fuschlseeregion\"},\"image\":{\"@id\":\"https:\\\/\\\/www.wanderbetrieb.at\\\/#\\\/schema\\\/logo\\\/image\\\/\"}},{\"@type\":\"Person\",\"@id\":\"https:\\\/\\\/www.wanderbetrieb.at\\\/#\\\/schema\\\/person\\\/906dfd69b680acc005986dfe16242e62\",\"name\":\"Wanderbetrieb\",\"sameAs\":[\"https:\\\/\\\/www.wanderbetrieb.at\"]}]}<\/script>\n<!-- \/ Yoast SEO plugin. -->","yoast_head_json":{"title":"Da Keflau al Loipersbacher H\u00f6he - Fuschlseeregion operazione escursionistica","description":"Uno dei classici \u00e8 l&#039;escursione dal parcheggio di Keflau al Faistenauer Schafberg o al Loipersbacher H\u00f6he.","robots":{"index":"index","follow":"follow","max-snippet":"max-snippet:-1","max-image-preview":"max-image-preview:large","max-video-preview":"max-video-preview:-1"},"canonical":"https:\/\/www.wanderbetrieb.at\/it\/diario-escursionistico-regione-del-fuschlsee\/da-keflau-a-loipersbacher-hoehe\/","og_locale":"it_IT","og_type":"article","og_title":"Von Keflau auf die Loipersbacher H\u00f6he - Wanderbetrieb Fuschlseeregion","og_description":"Einer der Klassiker ist die Wanderung vom Parkplatz Keflau auf den Faistenauer Schafberg oder auf die Loipersbacher H\u00f6he.","og_url":"https:\/\/www.wanderbetrieb.at\/it\/diario-escursionistico-regione-del-fuschlsee\/da-keflau-a-loipersbacher-hoehe\/","og_site_name":"Wanderbetrieb Fuschlseeregion","article_published_time":"2021-08-20T09:17:21+00:00","article_modified_time":"2022-05-30T10:49:00+00:00","og_image":[{"width":1280,"height":720,"url":"https:\/\/www.wanderbetrieb.at\/wp-content\/uploads\/2022\/05\/von-keflau-auf-die-loipersbacher-hoehe-7.jpg","type":"image\/jpeg"}],"author":"Wanderbetrieb","twitter_card":"summary_large_image","twitter_misc":{"Scritto da":"Wanderbetrieb","Tempo di lettura stimato":"2 minuti"},"schema":{"@context":"https:\/\/schema.org","@graph":[{"@type":"Article","@id":"https:\/\/www.wanderbetrieb.at\/wandertagebuch-fuschlseeregion\/von-keflau-auf-die-loipersbacher-hoehe\/#article","isPartOf":{"@id":"https:\/\/www.wanderbetrieb.at\/wandertagebuch-fuschlseeregion\/von-keflau-auf-die-loipersbacher-hoehe\/"},"author":{"name":"Wanderbetrieb","@id":"https:\/\/www.wanderbetrieb.at\/#\/schema\/person\/906dfd69b680acc005986dfe16242e62"},"headline":"Von Keflau auf die Loipersbacher H\u00f6he","datePublished":"2021-08-20T09:17:21+00:00","dateModified":"2022-05-30T10:49:00+00:00","mainEntityOfPage":{"@id":"https:\/\/www.wanderbetrieb.at\/wandertagebuch-fuschlseeregion\/von-keflau-auf-die-loipersbacher-hoehe\/"},"wordCount":87,"commentCount":0,"publisher":{"@id":"https:\/\/www.wanderbetrieb.at\/#organization"},"image":{"@id":"https:\/\/www.wanderbetrieb.at\/wandertagebuch-fuschlseeregion\/von-keflau-auf-die-loipersbacher-hoehe\/#primaryimage"},"thumbnailUrl":"https:\/\/www.wanderbetrieb.at\/wp-content\/uploads\/2022\/05\/von-keflau-auf-die-loipersbacher-hoehe-4.jpg","articleSection":["Wandertagebuch"],"inLanguage":"it-IT","potentialAction":[{"@type":"CommentAction","name":"Comment","target":["https:\/\/www.wanderbetrieb.at\/wandertagebuch-fuschlseeregion\/von-keflau-auf-die-loipersbacher-hoehe\/#respond"]}]},{"@type":"WebPage","@id":"https:\/\/www.wanderbetrieb.at\/wandertagebuch-fuschlseeregion\/von-keflau-auf-die-loipersbacher-hoehe\/","url":"https:\/\/www.wanderbetrieb.at\/wandertagebuch-fuschlseeregion\/von-keflau-auf-die-loipersbacher-hoehe\/","name":"Da Keflau al Loipersbacher H\u00f6he - Fuschlseeregion operazione escursionistica","isPartOf":{"@id":"https:\/\/www.wanderbetrieb.at\/#website"},"primaryImageOfPage":{"@id":"https:\/\/www.wanderbetrieb.at\/wandertagebuch-fuschlseeregion\/von-keflau-auf-die-loipersbacher-hoehe\/#primaryimage"},"image":{"@id":"https:\/\/www.wanderbetrieb.at\/wandertagebuch-fuschlseeregion\/von-keflau-auf-die-loipersbacher-hoehe\/#primaryimage"},"thumbnailUrl":"https:\/\/www.wanderbetrieb.at\/wp-content\/uploads\/2022\/05\/von-keflau-auf-die-loipersbacher-hoehe-4.jpg","datePublished":"2021-08-20T09:17:21+00:00","dateModified":"2022-05-30T10:49:00+00:00","description":"Uno dei classici \u00e8 l&#039;escursione dal parcheggio di Keflau al Faistenauer Schafberg o al Loipersbacher H\u00f6he.","breadcrumb":{"@id":"https:\/\/www.wanderbetrieb.at\/wandertagebuch-fuschlseeregion\/von-keflau-auf-die-loipersbacher-hoehe\/#breadcrumb"},"inLanguage":"it-IT","potentialAction":[{"@type":"ReadAction","target":["https:\/\/www.wanderbetrieb.at\/wandertagebuch-fuschlseeregion\/von-keflau-auf-die-loipersbacher-hoehe\/"]}]},{"@type":"ImageObject","inLanguage":"it-IT","@id":"https:\/\/www.wanderbetrieb.at\/wandertagebuch-fuschlseeregion\/von-keflau-auf-die-loipersbacher-hoehe\/#primaryimage","url":"https:\/\/www.wanderbetrieb.at\/wp-content\/uploads\/2022\/05\/von-keflau-auf-die-loipersbacher-hoehe-4.jpg","contentUrl":"https:\/\/www.wanderbetrieb.at\/wp-content\/uploads\/2022\/05\/von-keflau-auf-die-loipersbacher-hoehe-4.jpg","width":1280,"height":720,"caption":"Von Keflau auf die Loipersbacher H\u00f6he"},{"@type":"BreadcrumbList","@id":"https:\/\/www.wanderbetrieb.at\/wandertagebuch-fuschlseeregion\/von-keflau-auf-die-loipersbacher-hoehe\/#breadcrumb","itemListElement":[{"@type":"ListItem","position":1,"name":"Startseite","item":"https:\/\/www.wanderbetrieb.at\/"},{"@type":"ListItem","position":2,"name":"Von Keflau auf die Loipersbacher H\u00f6he"}]},{"@type":"WebSite","@id":"https:\/\/www.wanderbetrieb.at\/#website","url":"https:\/\/www.wanderbetrieb.at\/","name":"Azienda escursionistica regione Fuschlsee","description":"","publisher":{"@id":"https:\/\/www.wanderbetrieb.at\/#organization"},"potentialAction":[{"@type":"SearchAction","target":{"@type":"EntryPoint","urlTemplate":"https:\/\/www.wanderbetrieb.at\/?s={search_term_string}"},"query-input":{"@type":"PropertyValueSpecification","valueRequired":true,"valueName":"search_term_string"}}],"inLanguage":"it-IT"},{"@type":"Organization","@id":"https:\/\/www.wanderbetrieb.at\/#organization","name":"Pension Schierl - operazione escursionistica nella regione del Fuschlsee","url":"https:\/\/www.wanderbetrieb.at\/","logo":{"@type":"ImageObject","inLanguage":"it-IT","@id":"https:\/\/www.wanderbetrieb.at\/#\/schema\/logo\/image\/","url":"https:\/\/www.wanderbetrieb.at\/wp-content\/uploads\/2022\/05\/wanderbetrieb-premium.png","contentUrl":"https:\/\/www.wanderbetrieb.at\/wp-content\/uploads\/2022\/05\/wanderbetrieb-premium.png","width":126,"height":136,"caption":"Pension Schierl - Wanderbetrieb in der Fuschlseeregion"},"image":{"@id":"https:\/\/www.wanderbetrieb.at\/#\/schema\/logo\/image\/"}},{"@type":"Person","@id":"https:\/\/www.wanderbetrieb.at\/#\/schema\/person\/906dfd69b680acc005986dfe16242e62","name":"Operazione escursionistica","sameAs":["https:\/\/www.wanderbetrieb.at"]}]}},"_links":{"self":[{"href":"https:\/\/www.wanderbetrieb.at\/it\/wp-json\/wp\/v2\/posts\/480","targetHints":{"allow":["GET"]}}],"collection":[{"href":"https:\/\/www.wanderbetrieb.at\/it\/wp-json\/wp\/v2\/posts"}],"about":[{"href":"https:\/\/www.wanderbetrieb.at\/it\/wp-json\/wp\/v2\/types\/post"}],"author":[{"embeddable":true,"href":"https:\/\/www.wanderbetrieb.at\/it\/wp-json\/wp\/v2\/users\/1"}],"replies":[{"embeddable":true,"href":"https:\/\/www.wanderbetrieb.at\/it\/wp-json\/wp\/v2\/comments?post=480"}],"version-history":[{"count":25,"href":"https:\/\/www.wanderbetrieb.at\/it\/wp-json\/wp\/v2\/posts\/480\/revisions"}],"predecessor-version":[{"id":2043,"href":"https:\/\/www.wanderbetrieb.at\/it\/wp-json\/wp\/v2\/posts\/480\/revisions\/2043"}],"wp:featuredmedia":[{"embeddable":true,"href":"https:\/\/www.wanderbetrieb.at\/it\/wp-json\/wp\/v2\/media\/486"}],"wp:attachment":[{"href":"https:\/\/www.wanderbetrieb.at\/it\/wp-json\/wp\/v2\/media?parent=480"}],"wp:term":[{"taxonomy":"category","embeddable":true,"href":"https:\/\/www.wanderbetrieb.at\/it\/wp-json\/wp\/v2\/categories?post=480"},{"taxonomy":"post_tag","embeddable":true,"href":"https:\/\/www.wanderbetrieb.at\/it\/wp-json\/wp\/v2\/tags?post=480"}],"curies":[{"name":"wp","href":"https:\/\/api.w.org\/{rel}","templated":true}]}}