{"id":622,"date":"2021-09-24T10:20:22","date_gmt":"2021-09-24T08:20:22","guid":{"rendered":"https:\/\/www.wanderbetrieb.at\/?p=622"},"modified":"2022-05-30T12:07:48","modified_gmt":"2022-05-30T10:07:48","slug":"allfinanz-tour","status":"publish","type":"post","link":"https:\/\/www.wanderbetrieb.at\/it\/wandertagebuch-fuschlseeregion\/allfinanz-tour\/","title":{"rendered":"Giro di Allfinanz"},"content":{"rendered":"<div data-elementor-type=\"wp-post\" data-elementor-id=\"622\" class=\"elementor elementor-622\" data-elementor-post-type=\"post\">\n\t\t\t\t\t\t<section class=\"elementor-section elementor-top-section elementor-element elementor-element-428a231a elementor-section-full_width elementor-section-height-default elementor-section-height-default\" data-id=\"428a231a\" data-element_type=\"section\" data-e-type=\"section\">\n\t\t\t\t\t\t<div class=\"elementor-container elementor-column-gap-default\">\n\t\t\t\t\t<div class=\"elementor-column elementor-col-100 elementor-top-column elementor-element elementor-element-15e48c47\" data-id=\"15e48c47\" data-element_type=\"column\" data-e-type=\"column\">\n\t\t\t<div class=\"elementor-widget-wrap elementor-element-populated\">\n\t\t\t\t\t\t<div class=\"elementor-element elementor-element-5eb33f72 elementor-widget elementor-widget-heading\" data-id=\"5eb33f72\" data-element_type=\"widget\" data-e-type=\"widget\" data-widget_type=\"heading.default\">\n\t\t\t\t<div class=\"elementor-widget-container\">\n\t\t\t\t\t<h1 class=\"elementor-heading-title elementor-size-default\">Giro di Allfinanz<\/h1>\t\t\t\t<\/div>\n\t\t\t\t<\/div>\n\t\t\t\t\t<\/div>\n\t\t<\/div>\n\t\t\t\t\t<\/div>\n\t\t<\/section>\n\t\t\t\t<section class=\"elementor-section elementor-top-section elementor-element elementor-element-27c05cf6 elementor-section-full_width elementor-section-height-default elementor-section-height-default\" data-id=\"27c05cf6\" data-element_type=\"section\" data-e-type=\"section\">\n\t\t\t\t\t\t<div class=\"elementor-container elementor-column-gap-default\">\n\t\t\t\t\t<div class=\"elementor-column elementor-col-66 elementor-top-column elementor-element elementor-element-566df21\" data-id=\"566df21\" data-element_type=\"column\" data-e-type=\"column\">\n\t\t\t<div class=\"elementor-widget-wrap elementor-element-populated\">\n\t\t\t\t\t\t<div class=\"elementor-element elementor-element-a21a686 elementor-widget elementor-widget-text-editor\" data-id=\"a21a686\" data-element_type=\"widget\" data-e-type=\"widget\" data-widget_type=\"text-editor.default\">\n\t\t\t\t<div class=\"elementor-widget-container\">\n\t\t\t\t\t\t\t\t\t<h3>Il team di Munich Allfinanz<\/h3><p>. Alloggiato nel castello di Fuschl, mi \u00e8 stato permesso di fare da guida dal parcheggio di D\u00f6llerer, passando per la Stegernalm, fino alla Loipersbacher H\u00f6he.<\/p><p>Dopo una ricca merenda da Barbara, abbiamo prolungato il nostro tour sul Faistenauer Schafberg. Dopo circa 12 km e 760 metri di dislivello, tutti erano felici di aver partecipato a questa straordinaria escursione.<\/p>\t\t\t\t\t\t\t\t<\/div>\n\t\t\t\t<\/div>\n\t\t\t\t\t<\/div>\n\t\t<\/div>\n\t\t\t\t<div class=\"elementor-column elementor-col-33 elementor-top-column elementor-element elementor-element-6cbb2920\" data-id=\"6cbb2920\" data-element_type=\"column\" data-e-type=\"column\">\n\t\t\t<div class=\"elementor-widget-wrap elementor-element-populated\">\n\t\t\t\t\t\t<div class=\"elementor-element elementor-element-7717ab93 elementor-widget elementor-widget-video\" data-id=\"7717ab93\" data-element_type=\"widget\" data-e-type=\"widget\" data-settings=\"{&quot;video_type&quot;:&quot;hosted&quot;,&quot;mute&quot;:&quot;yes&quot;,&quot;controls&quot;:&quot;yes&quot;}\" data-widget_type=\"video.default\">\n\t\t\t\t<div class=\"elementor-widget-container\">\n\t\t\t\t\t\t\t<div class=\"e-hosted-video elementor-wrapper elementor-open-inline\">\n\t\t\t\t\t<video class=\"elementor-video\" src=\"https:\/\/video.relive.cc\/23453738001_healthkit_1632983180818.mp4?x-ref=site\" controls=\"\" preload=\"metadata\" muted=\"muted\" controlslist=\"nodownload\"><\/video>\n\t\t\t\t<\/div>\n\t\t\t\t\t\t<\/div>\n\t\t\t\t<\/div>\n\t\t\t\t<section class=\"elementor-section elementor-inner-section elementor-element elementor-element-55b021d elementor-section-boxed elementor-section-height-default elementor-section-height-default\" data-id=\"55b021d\" data-element_type=\"section\" data-e-type=\"section\">\n\t\t\t\t\t\t<div class=\"elementor-container elementor-column-gap-default\">\n\t\t\t\t\t<div class=\"elementor-column elementor-col-50 elementor-inner-column elementor-element elementor-element-3c8d7fe\" data-id=\"3c8d7fe\" data-element_type=\"column\" data-e-type=\"column\">\n\t\t\t<div class=\"elementor-widget-wrap elementor-element-populated\">\n\t\t\t\t\t\t<div class=\"elementor-element elementor-element-2a40259 elementor-align-center elementor-widget__width-inherit .w-100 elementor-widget elementor-widget-button\" data-id=\"2a40259\" data-element_type=\"widget\" data-e-type=\"widget\" data-widget_type=\"button.default\">\n\t\t\t\t<div class=\"elementor-widget-container\">\n\t\t\t\t\t\t\t\t\t<div class=\"elementor-button-wrapper\">\n\t\t\t\t\t<a class=\"elementor-button elementor-button-link elementor-size-sm\" href=\"#route-allfinanz-tour\">\n\t\t\t\t\t\t<span class=\"elementor-button-content-wrapper\">\n\t\t\t\t\t\t<span class=\"elementor-button-icon\">\n\t\t\t\t<i aria-hidden=\"true\" class=\"fas fa-map-marker-alt\"><\/i>\t\t\t<\/span>\n\t\t\t\t\t\t\t\t\t<span class=\"elementor-button-text\">Mostra percorso<\/span>\n\t\t\t\t\t<\/span>\n\t\t\t\t\t<\/a>\n\t\t\t\t<\/div>\n\t\t\t\t\t\t\t\t<\/div>\n\t\t\t\t<\/div>\n\t\t\t\t\t<\/div>\n\t\t<\/div>\n\t\t\t\t<div class=\"elementor-column elementor-col-50 elementor-inner-column elementor-element elementor-element-39c1faa\" data-id=\"39c1faa\" data-element_type=\"column\" data-e-type=\"column\">\n\t\t\t<div class=\"elementor-widget-wrap elementor-element-populated\">\n\t\t\t\t\t\t<div class=\"elementor-element elementor-element-21e51caf elementor-align-center elementor-widget__width-inherit .w-100 elementor-widget elementor-widget-button\" data-id=\"21e51caf\" data-element_type=\"widget\" data-e-type=\"widget\" id=\"btn-back\" data-widget_type=\"button.default\">\n\t\t\t\t<div class=\"elementor-widget-container\">\n\t\t\t\t\t\t\t\t\t<div class=\"elementor-button-wrapper\">\n\t\t\t\t\t<a class=\"elementor-button elementor-size-sm\" role=\"button\">\n\t\t\t\t\t\t<span class=\"elementor-button-content-wrapper\">\n\t\t\t\t\t\t<span class=\"elementor-button-icon\">\n\t\t\t\t<i aria-hidden=\"true\" class=\"fas fa-step-backward\"><\/i>\t\t\t<\/span>\n\t\t\t\t\t\t\t\t\t<span class=\"elementor-button-text\">Ritorno<\/span>\n\t\t\t\t\t<\/span>\n\t\t\t\t\t<\/a>\n\t\t\t\t<\/div>\n\t\t\t\t\t\t\t\t<\/div>\n\t\t\t\t<\/div>\n\t\t\t\t\t<\/div>\n\t\t<\/div>\n\t\t\t\t\t<\/div>\n\t\t<\/section>\n\t\t\t\t\t<\/div>\n\t\t<\/div>\n\t\t\t\t\t<\/div>\n\t\t<\/section>\n\t\t\t\t<section class=\"elementor-section elementor-top-section elementor-element elementor-element-2cb854b0 elementor-section-full_width elementor-section-height-default elementor-section-height-default\" data-id=\"2cb854b0\" data-element_type=\"section\" data-e-type=\"section\">\n\t\t\t\t\t\t<div class=\"elementor-container elementor-column-gap-default\">\n\t\t\t\t\t<div class=\"elementor-column elementor-col-100 elementor-top-column elementor-element elementor-element-a6aa4a4\" data-id=\"a6aa4a4\" data-element_type=\"column\" data-e-type=\"column\">\n\t\t\t<div class=\"elementor-widget-wrap elementor-element-populated\">\n\t\t\t\t\t\t<div class=\"elementor-element elementor-element-3cfa7af4 gallery-spacing-custom elementor-widget elementor-widget-image-gallery\" data-id=\"3cfa7af4\" data-element_type=\"widget\" data-e-type=\"widget\" data-widget_type=\"image-gallery.default\">\n\t\t\t\t<div class=\"elementor-widget-container\">\n\t\t\t\t\t\t\t<div class=\"elementor-image-gallery\">\n\t\t\t\n<a data-elementor-open-lightbox=\"yes\" data-elementor-lightbox-slideshow=\"3cfa7af4\" data-elementor-lightbox-title=\"Allfinanz Tour\" data-e-action-hash=\"#elementor-action%3Aaction%3Dlightbox%26settings%3DeyJpZCI6NjQxLCJ1cmwiOiJodHRwczpcL1wvd3d3LndhbmRlcmJldHJpZWIuYXRcL3dwLWNvbnRlbnRcL3VwbG9hZHNcLzIwMjJcLzA1XC9hbGxmaW5hbnotdG91ci0xLmpwZyIsInNsaWRlc2hvdyI6IjNjZmE3YWY0In0%3D\" href='https:\/\/www.wanderbetrieb.at\/wp-content\/uploads\/2022\/05\/allfinanz-tour-1.jpg'><img fetchpriority=\"high\" decoding=\"async\" width=\"768\" height=\"432\" src=\"https:\/\/www.wanderbetrieb.at\/wp-content\/uploads\/2022\/05\/allfinanz-tour-1-768x432.jpg\" class=\"attachment-medium_large size-medium_large\" alt=\"Giro di Allfinanz\" srcset=\"https:\/\/www.wanderbetrieb.at\/wp-content\/uploads\/2022\/05\/allfinanz-tour-1-768x432.jpg 768w, https:\/\/www.wanderbetrieb.at\/wp-content\/uploads\/2022\/05\/allfinanz-tour-1-600x338.jpg 600w, https:\/\/www.wanderbetrieb.at\/wp-content\/uploads\/2022\/05\/allfinanz-tour-1-300x169.jpg 300w, https:\/\/www.wanderbetrieb.at\/wp-content\/uploads\/2022\/05\/allfinanz-tour-1-1024x576.jpg 1024w, https:\/\/www.wanderbetrieb.at\/wp-content\/uploads\/2022\/05\/allfinanz-tour-1-1536x864.jpg 1536w, https:\/\/www.wanderbetrieb.at\/wp-content\/uploads\/2022\/05\/allfinanz-tour-1.jpg 1920w\" sizes=\"(max-width: 768px) 100vw, 768px\" \/><\/a>\n<a data-elementor-open-lightbox=\"yes\" data-elementor-lightbox-slideshow=\"3cfa7af4\" data-elementor-lightbox-title=\"Allfinanz Tour\" data-e-action-hash=\"#elementor-action%3Aaction%3Dlightbox%26settings%3DeyJpZCI6NjQwLCJ1cmwiOiJodHRwczpcL1wvd3d3LndhbmRlcmJldHJpZWIuYXRcL3dwLWNvbnRlbnRcL3VwbG9hZHNcLzIwMjJcLzA1XC9hbGxmaW5hbnotdG91ci0yLmpwZyIsInNsaWRlc2hvdyI6IjNjZmE3YWY0In0%3D\" href='https:\/\/www.wanderbetrieb.at\/wp-content\/uploads\/2022\/05\/allfinanz-tour-2.jpg'><img decoding=\"async\" width=\"768\" height=\"432\" src=\"https:\/\/www.wanderbetrieb.at\/wp-content\/uploads\/2022\/05\/allfinanz-tour-2-768x432.jpg\" class=\"attachment-medium_large size-medium_large\" alt=\"Giro di Allfinanz\" srcset=\"https:\/\/www.wanderbetrieb.at\/wp-content\/uploads\/2022\/05\/allfinanz-tour-2-768x432.jpg 768w, https:\/\/www.wanderbetrieb.at\/wp-content\/uploads\/2022\/05\/allfinanz-tour-2-600x338.jpg 600w, https:\/\/www.wanderbetrieb.at\/wp-content\/uploads\/2022\/05\/allfinanz-tour-2-300x169.jpg 300w, https:\/\/www.wanderbetrieb.at\/wp-content\/uploads\/2022\/05\/allfinanz-tour-2-1024x576.jpg 1024w, https:\/\/www.wanderbetrieb.at\/wp-content\/uploads\/2022\/05\/allfinanz-tour-2-1536x864.jpg 1536w, https:\/\/www.wanderbetrieb.at\/wp-content\/uploads\/2022\/05\/allfinanz-tour-2.jpg 1920w\" sizes=\"(max-width: 768px) 100vw, 768px\" \/><\/a>\n<a data-elementor-open-lightbox=\"yes\" data-elementor-lightbox-slideshow=\"3cfa7af4\" data-elementor-lightbox-title=\"Allfinanz Tour\" data-e-action-hash=\"#elementor-action%3Aaction%3Dlightbox%26settings%3DeyJpZCI6NjM5LCJ1cmwiOiJodHRwczpcL1wvd3d3LndhbmRlcmJldHJpZWIuYXRcL3dwLWNvbnRlbnRcL3VwbG9hZHNcLzIwMjJcLzA1XC9hbGxmaW5hbnotdG91ci0zLmpwZyIsInNsaWRlc2hvdyI6IjNjZmE3YWY0In0%3D\" href='https:\/\/www.wanderbetrieb.at\/wp-content\/uploads\/2022\/05\/allfinanz-tour-3.jpg'><img decoding=\"async\" width=\"768\" height=\"432\" src=\"https:\/\/www.wanderbetrieb.at\/wp-content\/uploads\/2022\/05\/allfinanz-tour-3-768x432.jpg\" class=\"attachment-medium_large size-medium_large\" alt=\"Giro di Allfinanz\" srcset=\"https:\/\/www.wanderbetrieb.at\/wp-content\/uploads\/2022\/05\/allfinanz-tour-3-768x432.jpg 768w, https:\/\/www.wanderbetrieb.at\/wp-content\/uploads\/2022\/05\/allfinanz-tour-3-600x338.jpg 600w, https:\/\/www.wanderbetrieb.at\/wp-content\/uploads\/2022\/05\/allfinanz-tour-3-300x169.jpg 300w, https:\/\/www.wanderbetrieb.at\/wp-content\/uploads\/2022\/05\/allfinanz-tour-3-1024x576.jpg 1024w, https:\/\/www.wanderbetrieb.at\/wp-content\/uploads\/2022\/05\/allfinanz-tour-3-1536x864.jpg 1536w, https:\/\/www.wanderbetrieb.at\/wp-content\/uploads\/2022\/05\/allfinanz-tour-3.jpg 1920w\" sizes=\"(max-width: 768px) 100vw, 768px\" \/><\/a>\n<a data-elementor-open-lightbox=\"yes\" data-elementor-lightbox-slideshow=\"3cfa7af4\" data-elementor-lightbox-title=\"Allfinanz Tour\" data-e-action-hash=\"#elementor-action%3Aaction%3Dlightbox%26settings%3DeyJpZCI6NjM4LCJ1cmwiOiJodHRwczpcL1wvd3d3LndhbmRlcmJldHJpZWIuYXRcL3dwLWNvbnRlbnRcL3VwbG9hZHNcLzIwMjJcLzA1XC9hbGxmaW5hbnotdG91ci00LmpwZyIsInNsaWRlc2hvdyI6IjNjZmE3YWY0In0%3D\" href='https:\/\/www.wanderbetrieb.at\/wp-content\/uploads\/2022\/05\/allfinanz-tour-4.jpg'><img loading=\"lazy\" decoding=\"async\" width=\"768\" height=\"432\" src=\"https:\/\/www.wanderbetrieb.at\/wp-content\/uploads\/2022\/05\/allfinanz-tour-4-768x432.jpg\" class=\"attachment-medium_large size-medium_large\" alt=\"Giro di Allfinanz\" srcset=\"https:\/\/www.wanderbetrieb.at\/wp-content\/uploads\/2022\/05\/allfinanz-tour-4-768x432.jpg 768w, https:\/\/www.wanderbetrieb.at\/wp-content\/uploads\/2022\/05\/allfinanz-tour-4-600x338.jpg 600w, https:\/\/www.wanderbetrieb.at\/wp-content\/uploads\/2022\/05\/allfinanz-tour-4-300x169.jpg 300w, https:\/\/www.wanderbetrieb.at\/wp-content\/uploads\/2022\/05\/allfinanz-tour-4-1024x576.jpg 1024w, https:\/\/www.wanderbetrieb.at\/wp-content\/uploads\/2022\/05\/allfinanz-tour-4-1536x864.jpg 1536w, https:\/\/www.wanderbetrieb.at\/wp-content\/uploads\/2022\/05\/allfinanz-tour-4.jpg 1920w\" sizes=\"(max-width: 768px) 100vw, 768px\" \/><\/a>\n<a data-elementor-open-lightbox=\"yes\" data-elementor-lightbox-slideshow=\"3cfa7af4\" data-elementor-lightbox-title=\"Allfinanz Tour\" data-e-action-hash=\"#elementor-action%3Aaction%3Dlightbox%26settings%3DeyJpZCI6NjM3LCJ1cmwiOiJodHRwczpcL1wvd3d3LndhbmRlcmJldHJpZWIuYXRcL3dwLWNvbnRlbnRcL3VwbG9hZHNcLzIwMjJcLzA1XC9hbGxmaW5hbnotdG91ci01LmpwZyIsInNsaWRlc2hvdyI6IjNjZmE3YWY0In0%3D\" href='https:\/\/www.wanderbetrieb.at\/wp-content\/uploads\/2022\/05\/allfinanz-tour-5.jpg'><img loading=\"lazy\" decoding=\"async\" width=\"768\" height=\"432\" src=\"https:\/\/www.wanderbetrieb.at\/wp-content\/uploads\/2022\/05\/allfinanz-tour-5-768x432.jpg\" class=\"attachment-medium_large size-medium_large\" alt=\"Giro di Allfinanz\" srcset=\"https:\/\/www.wanderbetrieb.at\/wp-content\/uploads\/2022\/05\/allfinanz-tour-5-768x432.jpg 768w, https:\/\/www.wanderbetrieb.at\/wp-content\/uploads\/2022\/05\/allfinanz-tour-5-600x338.jpg 600w, https:\/\/www.wanderbetrieb.at\/wp-content\/uploads\/2022\/05\/allfinanz-tour-5-300x169.jpg 300w, https:\/\/www.wanderbetrieb.at\/wp-content\/uploads\/2022\/05\/allfinanz-tour-5-1024x576.jpg 1024w, https:\/\/www.wanderbetrieb.at\/wp-content\/uploads\/2022\/05\/allfinanz-tour-5-1536x864.jpg 1536w, https:\/\/www.wanderbetrieb.at\/wp-content\/uploads\/2022\/05\/allfinanz-tour-5.jpg 1920w\" sizes=\"(max-width: 768px) 100vw, 768px\" \/><\/a>\n<a data-elementor-open-lightbox=\"yes\" data-elementor-lightbox-slideshow=\"3cfa7af4\" data-elementor-lightbox-title=\"Allfinanz Tour\" data-e-action-hash=\"#elementor-action%3Aaction%3Dlightbox%26settings%3DeyJpZCI6NjM2LCJ1cmwiOiJodHRwczpcL1wvd3d3LndhbmRlcmJldHJpZWIuYXRcL3dwLWNvbnRlbnRcL3VwbG9hZHNcLzIwMjJcLzA1XC9hbGxmaW5hbnotdG91ci02LmpwZyIsInNsaWRlc2hvdyI6IjNjZmE3YWY0In0%3D\" href='https:\/\/www.wanderbetrieb.at\/wp-content\/uploads\/2022\/05\/allfinanz-tour-6.jpg'><img loading=\"lazy\" decoding=\"async\" width=\"768\" height=\"432\" src=\"https:\/\/www.wanderbetrieb.at\/wp-content\/uploads\/2022\/05\/allfinanz-tour-6-768x432.jpg\" class=\"attachment-medium_large size-medium_large\" alt=\"Giro di Allfinanz\" srcset=\"https:\/\/www.wanderbetrieb.at\/wp-content\/uploads\/2022\/05\/allfinanz-tour-6-768x432.jpg 768w, https:\/\/www.wanderbetrieb.at\/wp-content\/uploads\/2022\/05\/allfinanz-tour-6-600x338.jpg 600w, https:\/\/www.wanderbetrieb.at\/wp-content\/uploads\/2022\/05\/allfinanz-tour-6-300x169.jpg 300w, https:\/\/www.wanderbetrieb.at\/wp-content\/uploads\/2022\/05\/allfinanz-tour-6-1024x576.jpg 1024w, https:\/\/www.wanderbetrieb.at\/wp-content\/uploads\/2022\/05\/allfinanz-tour-6-1536x864.jpg 1536w, https:\/\/www.wanderbetrieb.at\/wp-content\/uploads\/2022\/05\/allfinanz-tour-6.jpg 1920w\" sizes=\"(max-width: 768px) 100vw, 768px\" \/><\/a>\n<a data-elementor-open-lightbox=\"yes\" data-elementor-lightbox-slideshow=\"3cfa7af4\" data-elementor-lightbox-title=\"Allfinanz Tour\" data-e-action-hash=\"#elementor-action%3Aaction%3Dlightbox%26settings%3DeyJpZCI6NjM1LCJ1cmwiOiJodHRwczpcL1wvd3d3LndhbmRlcmJldHJpZWIuYXRcL3dwLWNvbnRlbnRcL3VwbG9hZHNcLzIwMjJcLzA1XC9hbGxmaW5hbnotdG91ci03LmpwZyIsInNsaWRlc2hvdyI6IjNjZmE3YWY0In0%3D\" href='https:\/\/www.wanderbetrieb.at\/wp-content\/uploads\/2022\/05\/allfinanz-tour-7.jpg'><img loading=\"lazy\" decoding=\"async\" width=\"768\" height=\"432\" src=\"https:\/\/www.wanderbetrieb.at\/wp-content\/uploads\/2022\/05\/allfinanz-tour-7-768x432.jpg\" class=\"attachment-medium_large size-medium_large\" alt=\"Giro di Allfinanz\" srcset=\"https:\/\/www.wanderbetrieb.at\/wp-content\/uploads\/2022\/05\/allfinanz-tour-7-768x432.jpg 768w, https:\/\/www.wanderbetrieb.at\/wp-content\/uploads\/2022\/05\/allfinanz-tour-7-600x338.jpg 600w, https:\/\/www.wanderbetrieb.at\/wp-content\/uploads\/2022\/05\/allfinanz-tour-7-300x169.jpg 300w, https:\/\/www.wanderbetrieb.at\/wp-content\/uploads\/2022\/05\/allfinanz-tour-7-1024x576.jpg 1024w, https:\/\/www.wanderbetrieb.at\/wp-content\/uploads\/2022\/05\/allfinanz-tour-7-1536x864.jpg 1536w, https:\/\/www.wanderbetrieb.at\/wp-content\/uploads\/2022\/05\/allfinanz-tour-7.jpg 1920w\" sizes=\"(max-width: 768px) 100vw, 768px\" \/><\/a>\n<a data-elementor-open-lightbox=\"yes\" data-elementor-lightbox-slideshow=\"3cfa7af4\" data-elementor-lightbox-title=\"Allfinanz Tour\" data-e-action-hash=\"#elementor-action%3Aaction%3Dlightbox%26settings%3DeyJpZCI6NjM0LCJ1cmwiOiJodHRwczpcL1wvd3d3LndhbmRlcmJldHJpZWIuYXRcL3dwLWNvbnRlbnRcL3VwbG9hZHNcLzIwMjJcLzA1XC9hbGxmaW5hbnotdG91ci04LmpwZyIsInNsaWRlc2hvdyI6IjNjZmE3YWY0In0%3D\" href='https:\/\/www.wanderbetrieb.at\/wp-content\/uploads\/2022\/05\/allfinanz-tour-8.jpg'><img loading=\"lazy\" decoding=\"async\" width=\"768\" height=\"432\" src=\"https:\/\/www.wanderbetrieb.at\/wp-content\/uploads\/2022\/05\/allfinanz-tour-8-768x432.jpg\" class=\"attachment-medium_large size-medium_large\" alt=\"Giro di Allfinanz\" srcset=\"https:\/\/www.wanderbetrieb.at\/wp-content\/uploads\/2022\/05\/allfinanz-tour-8-768x432.jpg 768w, https:\/\/www.wanderbetrieb.at\/wp-content\/uploads\/2022\/05\/allfinanz-tour-8-600x338.jpg 600w, https:\/\/www.wanderbetrieb.at\/wp-content\/uploads\/2022\/05\/allfinanz-tour-8-300x169.jpg 300w, https:\/\/www.wanderbetrieb.at\/wp-content\/uploads\/2022\/05\/allfinanz-tour-8-1024x576.jpg 1024w, https:\/\/www.wanderbetrieb.at\/wp-content\/uploads\/2022\/05\/allfinanz-tour-8-1536x864.jpg 1536w, https:\/\/www.wanderbetrieb.at\/wp-content\/uploads\/2022\/05\/allfinanz-tour-8.jpg 1920w\" sizes=\"(max-width: 768px) 100vw, 768px\" \/><\/a>\n<a data-elementor-open-lightbox=\"yes\" data-elementor-lightbox-slideshow=\"3cfa7af4\" data-elementor-lightbox-title=\"Allfinanz Tour\" data-e-action-hash=\"#elementor-action%3Aaction%3Dlightbox%26settings%3DeyJpZCI6NjMzLCJ1cmwiOiJodHRwczpcL1wvd3d3LndhbmRlcmJldHJpZWIuYXRcL3dwLWNvbnRlbnRcL3VwbG9hZHNcLzIwMjJcLzA1XC9hbGxmaW5hbnotdG91ci05LmpwZyIsInNsaWRlc2hvdyI6IjNjZmE3YWY0In0%3D\" href='https:\/\/www.wanderbetrieb.at\/wp-content\/uploads\/2022\/05\/allfinanz-tour-9.jpg'><img loading=\"lazy\" decoding=\"async\" width=\"768\" height=\"432\" src=\"https:\/\/www.wanderbetrieb.at\/wp-content\/uploads\/2022\/05\/allfinanz-tour-9-768x432.jpg\" class=\"attachment-medium_large size-medium_large\" alt=\"Giro di Allfinanz\" srcset=\"https:\/\/www.wanderbetrieb.at\/wp-content\/uploads\/2022\/05\/allfinanz-tour-9-768x432.jpg 768w, https:\/\/www.wanderbetrieb.at\/wp-content\/uploads\/2022\/05\/allfinanz-tour-9-600x338.jpg 600w, https:\/\/www.wanderbetrieb.at\/wp-content\/uploads\/2022\/05\/allfinanz-tour-9-300x169.jpg 300w, https:\/\/www.wanderbetrieb.at\/wp-content\/uploads\/2022\/05\/allfinanz-tour-9-1024x576.jpg 1024w, https:\/\/www.wanderbetrieb.at\/wp-content\/uploads\/2022\/05\/allfinanz-tour-9-1536x864.jpg 1536w, https:\/\/www.wanderbetrieb.at\/wp-content\/uploads\/2022\/05\/allfinanz-tour-9.jpg 1920w\" sizes=\"(max-width: 768px) 100vw, 768px\" \/><\/a>\n<a data-elementor-open-lightbox=\"yes\" data-elementor-lightbox-slideshow=\"3cfa7af4\" data-elementor-lightbox-title=\"Allfinanz Tour\" data-e-action-hash=\"#elementor-action%3Aaction%3Dlightbox%26settings%3DeyJpZCI6NjMyLCJ1cmwiOiJodHRwczpcL1wvd3d3LndhbmRlcmJldHJpZWIuYXRcL3dwLWNvbnRlbnRcL3VwbG9hZHNcLzIwMjJcLzA1XC9hbGxmaW5hbnotdG91ci0xMC5qcGciLCJzbGlkZXNob3ciOiIzY2ZhN2FmNCJ9\" href='https:\/\/www.wanderbetrieb.at\/wp-content\/uploads\/2022\/05\/allfinanz-tour-10.jpg'><img loading=\"lazy\" decoding=\"async\" width=\"768\" height=\"432\" src=\"https:\/\/www.wanderbetrieb.at\/wp-content\/uploads\/2022\/05\/allfinanz-tour-10-768x432.jpg\" class=\"attachment-medium_large size-medium_large\" alt=\"Giro di Allfinanz\" srcset=\"https:\/\/www.wanderbetrieb.at\/wp-content\/uploads\/2022\/05\/allfinanz-tour-10-768x432.jpg 768w, https:\/\/www.wanderbetrieb.at\/wp-content\/uploads\/2022\/05\/allfinanz-tour-10-600x338.jpg 600w, https:\/\/www.wanderbetrieb.at\/wp-content\/uploads\/2022\/05\/allfinanz-tour-10-300x169.jpg 300w, https:\/\/www.wanderbetrieb.at\/wp-content\/uploads\/2022\/05\/allfinanz-tour-10-1024x576.jpg 1024w, https:\/\/www.wanderbetrieb.at\/wp-content\/uploads\/2022\/05\/allfinanz-tour-10-1536x864.jpg 1536w, https:\/\/www.wanderbetrieb.at\/wp-content\/uploads\/2022\/05\/allfinanz-tour-10.jpg 1920w\" sizes=\"(max-width: 768px) 100vw, 768px\" \/><\/a>\n<a data-elementor-open-lightbox=\"yes\" data-elementor-lightbox-slideshow=\"3cfa7af4\" data-elementor-lightbox-title=\"Allfinanz Tour\" data-e-action-hash=\"#elementor-action%3Aaction%3Dlightbox%26settings%3DeyJpZCI6NjMxLCJ1cmwiOiJodHRwczpcL1wvd3d3LndhbmRlcmJldHJpZWIuYXRcL3dwLWNvbnRlbnRcL3VwbG9hZHNcLzIwMjJcLzA1XC9hbGxmaW5hbnotdG91ci0xMS5qcGciLCJzbGlkZXNob3ciOiIzY2ZhN2FmNCJ9\" href='https:\/\/www.wanderbetrieb.at\/wp-content\/uploads\/2022\/05\/allfinanz-tour-11.jpg'><img loading=\"lazy\" decoding=\"async\" width=\"768\" height=\"432\" src=\"https:\/\/www.wanderbetrieb.at\/wp-content\/uploads\/2022\/05\/allfinanz-tour-11-768x432.jpg\" class=\"attachment-medium_large size-medium_large\" alt=\"Giro di Allfinanz\" srcset=\"https:\/\/www.wanderbetrieb.at\/wp-content\/uploads\/2022\/05\/allfinanz-tour-11-768x432.jpg 768w, https:\/\/www.wanderbetrieb.at\/wp-content\/uploads\/2022\/05\/allfinanz-tour-11-600x338.jpg 600w, https:\/\/www.wanderbetrieb.at\/wp-content\/uploads\/2022\/05\/allfinanz-tour-11-300x169.jpg 300w, https:\/\/www.wanderbetrieb.at\/wp-content\/uploads\/2022\/05\/allfinanz-tour-11-1024x576.jpg 1024w, https:\/\/www.wanderbetrieb.at\/wp-content\/uploads\/2022\/05\/allfinanz-tour-11-1536x864.jpg 1536w, https:\/\/www.wanderbetrieb.at\/wp-content\/uploads\/2022\/05\/allfinanz-tour-11.jpg 1920w\" sizes=\"(max-width: 768px) 100vw, 768px\" \/><\/a>\n\t\t<\/div>\n\t\t\t\t\t\t<\/div>\n\t\t\t\t<\/div>\n\t\t\t\t\t<\/div>\n\t\t<\/div>\n\t\t\t\t\t<\/div>\n\t\t<\/section>\n\t\t\t\t<\/div>\n\t\t<div id=\"masterqrPost\" style=\"text-align:left\"><\/div><div class =\"mqrbtnalign\" style=\"    display: flex;justify-content:left\"><div style=\"width:254px;display:flex;align-items: center;justify-content: center;font-size: small\"><a id=\"downloadbuton2\" download=\"Allfinanz Tour.png\" class=\"btn_fromt_canvas\" style=\"color:#fff;background:#16601a;\">Scarica QR\n                <\/a><a id=\"printButtoncont\" style=\"margin-left:10px;color:#fff;background:#e53463\";>Stampa QR<\/a>\n                <div><\/div><script>function masterqrCurrentPAge(){new QRCode(document.getElementById(\"masterqrPost\"),{text: \"https:\/\/www.wanderbetrieb.at\/it\/wp-json\/wp\/v2\/posts\/622\", width: 254, height: 254, colorDark: \"#000000\", colorLight:\"#fff\", PI: \"#000000\", PO: \"#000000\", AI: \"#000000\", AO: \"#000000\", PI_TL: \"#000000\", PO_TL: \"#000000\", logo: \"\", logoWidth: 55, logoHeight: 55, logoBackgroundTransparent: true, backgroundImage: \"\", dotScale: \"0.6\", timing: \"#000000\", timing_V: \"#000000\", backgroundImageAlpha: \"0.3\",});}masterqrCurrentPAge(); <\/script>","protected":false},"excerpt":{"rendered":"<p>Die Mannschaft der M\u00fcnchner Allfinanz . . . untergebracht im Schloss Fuschl, durfte ich von vom D\u00f6llerer Parkplatz \u00fcber die Stegernalm auf die Loipersbacher H\u00f6he f\u00fchren. Nach einer z\u00fcnftigen Jause bei der Barbara, erweiterten wir unsere Tour \u00fcber den Faistenauer Schafberg. Nach ca. 12 km und 760 hm waren alle froh diese au\u00dfergew\u00f6hnliche Tour mitgemacht [&hellip;]<\/p>\n","protected":false},"author":1,"featured_media":637,"comment_status":"open","ping_status":"open","sticky":false,"template":"elementor_header_footer","format":"standard","meta":{"site-sidebar-layout":"default","site-content-layout":"default","ast-site-content-layout":"default","site-content-style":"default","site-sidebar-style":"default","ast-global-header-display":"","ast-banner-title-visibility":"","ast-main-header-display":"","ast-hfb-above-header-display":"","ast-hfb-below-header-display":"","ast-hfb-mobile-header-display":"","site-post-title":"","ast-breadcrumbs-content":"","ast-featured-img":"","footer-sml-layout":"","ast-disable-related-posts":"","theme-transparent-header-meta":"default","adv-header-id-meta":"","stick-header-meta":"","header-above-stick-meta":"","header-main-stick-meta":"","header-below-stick-meta":"","astra-migrate-meta-layouts":"default","ast-page-background-enabled":"default","ast-page-background-meta":{"desktop":{"background-color":"var(--ast-global-color-4)","background-image":"","background-repeat":"repeat","background-position":"center center","background-size":"auto","background-attachment":"scroll","background-type":"","background-media":"","overlay-type":"","overlay-color":"","overlay-opacity":"","overlay-gradient":""},"tablet":{"background-color":"","background-image":"","background-repeat":"repeat","background-position":"center center","background-size":"auto","background-attachment":"scroll","background-type":"","background-media":"","overlay-type":"","overlay-color":"","overlay-opacity":"","overlay-gradient":""},"mobile":{"background-color":"","background-image":"","background-repeat":"repeat","background-position":"center center","background-size":"auto","background-attachment":"scroll","background-type":"","background-media":"","overlay-type":"","overlay-color":"","overlay-opacity":"","overlay-gradient":""}},"ast-content-background-meta":{"desktop":{"background-color":"var(--ast-global-color-5)","background-image":"","background-repeat":"repeat","background-position":"center center","background-size":"auto","background-attachment":"scroll","background-type":"","background-media":"","overlay-type":"","overlay-color":"","overlay-opacity":"","overlay-gradient":""},"tablet":{"background-color":"var(--ast-global-color-5)","background-image":"","background-repeat":"repeat","background-position":"center center","background-size":"auto","background-attachment":"scroll","background-type":"","background-media":"","overlay-type":"","overlay-color":"","overlay-opacity":"","overlay-gradient":""},"mobile":{"background-color":"var(--ast-global-color-5)","background-image":"","background-repeat":"repeat","background-position":"center center","background-size":"auto","background-attachment":"scroll","background-type":"","background-media":"","overlay-type":"","overlay-color":"","overlay-opacity":"","overlay-gradient":""}},"footnotes":""},"categories":[7],"tags":[],"class_list":["post-622","post","type-post","status-publish","format-standard","has-post-thumbnail","hentry","category-wandertagebuch-fuschlseeregion"],"yoast_head":"<!-- This site is optimized with the Yoast SEO plugin v27.4 - https:\/\/yoast.com\/product\/yoast-seo-wordpress\/ -->\n<title>Allfinanz Tour - Wanderbetrieb Fuschlseeregion<\/title>\n<meta name=\"description\" content=\"Die Mannschaft der M\u00fcnchner Allfinanz, untergebracht im Schloss Fuschl, durfte ich auf die Loipersbacher H\u00f6he f\u00fchren.\" \/>\n<meta name=\"robots\" content=\"index, follow, max-snippet:-1, max-image-preview:large, max-video-preview:-1\" \/>\n<link rel=\"canonical\" href=\"https:\/\/www.wanderbetrieb.at\/it\/diario-escursionistico-regione-del-fuschlsee\/allfinanz-tour\/\" \/>\n<meta property=\"og:locale\" content=\"it_IT\" \/>\n<meta property=\"og:type\" content=\"article\" \/>\n<meta property=\"og:title\" content=\"Allfinanz Tour - Wanderbetrieb Fuschlseeregion\" \/>\n<meta property=\"og:description\" content=\"Die Mannschaft der M\u00fcnchner Allfinanz, untergebracht im Schloss Fuschl, durfte ich auf die Loipersbacher H\u00f6he f\u00fchren.\" \/>\n<meta property=\"og:url\" content=\"https:\/\/www.wanderbetrieb.at\/it\/diario-escursionistico-regione-del-fuschlsee\/allfinanz-tour\/\" \/>\n<meta property=\"og:site_name\" content=\"Wanderbetrieb Fuschlseeregion\" \/>\n<meta property=\"article:published_time\" content=\"2021-09-24T08:20:22+00:00\" \/>\n<meta property=\"article:modified_time\" content=\"2022-05-30T10:07:48+00:00\" \/>\n<meta property=\"og:image\" content=\"https:\/\/www.wanderbetrieb.at\/wp-content\/uploads\/2022\/05\/allfinanz-tour-1.jpg\" \/>\n\t<meta property=\"og:image:width\" content=\"1920\" \/>\n\t<meta property=\"og:image:height\" content=\"1080\" \/>\n\t<meta property=\"og:image:type\" content=\"image\/jpeg\" \/>\n<meta name=\"author\" content=\"Wanderbetrieb\" \/>\n<meta name=\"twitter:card\" content=\"summary_large_image\" \/>\n<meta name=\"twitter:label1\" content=\"Scritto da\" \/>\n\t<meta name=\"twitter:data1\" content=\"Wanderbetrieb\" \/>\n\t<meta name=\"twitter:label2\" content=\"Tempo di lettura stimato\" \/>\n\t<meta name=\"twitter:data2\" content=\"3 minuti\" \/>\n<script type=\"application\/ld+json\" class=\"yoast-schema-graph\">{\"@context\":\"https:\\\/\\\/schema.org\",\"@graph\":[{\"@type\":\"Article\",\"@id\":\"https:\\\/\\\/www.wanderbetrieb.at\\\/wandertagebuch-fuschlseeregion\\\/allfinanz-tour\\\/#article\",\"isPartOf\":{\"@id\":\"https:\\\/\\\/www.wanderbetrieb.at\\\/wandertagebuch-fuschlseeregion\\\/allfinanz-tour\\\/\"},\"author\":{\"name\":\"Wanderbetrieb\",\"@id\":\"https:\\\/\\\/www.wanderbetrieb.at\\\/#\\\/schema\\\/person\\\/906dfd69b680acc005986dfe16242e62\"},\"headline\":\"Allfinanz Tour\",\"datePublished\":\"2021-09-24T08:20:22+00:00\",\"dateModified\":\"2022-05-30T10:07:48+00:00\",\"mainEntityOfPage\":{\"@id\":\"https:\\\/\\\/www.wanderbetrieb.at\\\/wandertagebuch-fuschlseeregion\\\/allfinanz-tour\\\/\"},\"wordCount\":73,\"commentCount\":0,\"publisher\":{\"@id\":\"https:\\\/\\\/www.wanderbetrieb.at\\\/#organization\"},\"image\":{\"@id\":\"https:\\\/\\\/www.wanderbetrieb.at\\\/wandertagebuch-fuschlseeregion\\\/allfinanz-tour\\\/#primaryimage\"},\"thumbnailUrl\":\"https:\\\/\\\/www.wanderbetrieb.at\\\/wp-content\\\/uploads\\\/2022\\\/05\\\/allfinanz-tour-5.jpg\",\"articleSection\":[\"Wandertagebuch\"],\"inLanguage\":\"it-IT\",\"potentialAction\":[{\"@type\":\"CommentAction\",\"name\":\"Comment\",\"target\":[\"https:\\\/\\\/www.wanderbetrieb.at\\\/wandertagebuch-fuschlseeregion\\\/allfinanz-tour\\\/#respond\"]}]},{\"@type\":\"WebPage\",\"@id\":\"https:\\\/\\\/www.wanderbetrieb.at\\\/wandertagebuch-fuschlseeregion\\\/allfinanz-tour\\\/\",\"url\":\"https:\\\/\\\/www.wanderbetrieb.at\\\/wandertagebuch-fuschlseeregion\\\/allfinanz-tour\\\/\",\"name\":\"Allfinanz Tour - Wanderbetrieb Fuschlseeregion\",\"isPartOf\":{\"@id\":\"https:\\\/\\\/www.wanderbetrieb.at\\\/#website\"},\"primaryImageOfPage\":{\"@id\":\"https:\\\/\\\/www.wanderbetrieb.at\\\/wandertagebuch-fuschlseeregion\\\/allfinanz-tour\\\/#primaryimage\"},\"image\":{\"@id\":\"https:\\\/\\\/www.wanderbetrieb.at\\\/wandertagebuch-fuschlseeregion\\\/allfinanz-tour\\\/#primaryimage\"},\"thumbnailUrl\":\"https:\\\/\\\/www.wanderbetrieb.at\\\/wp-content\\\/uploads\\\/2022\\\/05\\\/allfinanz-tour-5.jpg\",\"datePublished\":\"2021-09-24T08:20:22+00:00\",\"dateModified\":\"2022-05-30T10:07:48+00:00\",\"description\":\"Die Mannschaft der M\u00fcnchner Allfinanz, untergebracht im Schloss Fuschl, durfte ich auf die Loipersbacher H\u00f6he f\u00fchren.\",\"breadcrumb\":{\"@id\":\"https:\\\/\\\/www.wanderbetrieb.at\\\/wandertagebuch-fuschlseeregion\\\/allfinanz-tour\\\/#breadcrumb\"},\"inLanguage\":\"it-IT\",\"potentialAction\":[{\"@type\":\"ReadAction\",\"target\":[\"https:\\\/\\\/www.wanderbetrieb.at\\\/wandertagebuch-fuschlseeregion\\\/allfinanz-tour\\\/\"]}]},{\"@type\":\"ImageObject\",\"inLanguage\":\"it-IT\",\"@id\":\"https:\\\/\\\/www.wanderbetrieb.at\\\/wandertagebuch-fuschlseeregion\\\/allfinanz-tour\\\/#primaryimage\",\"url\":\"https:\\\/\\\/www.wanderbetrieb.at\\\/wp-content\\\/uploads\\\/2022\\\/05\\\/allfinanz-tour-5.jpg\",\"contentUrl\":\"https:\\\/\\\/www.wanderbetrieb.at\\\/wp-content\\\/uploads\\\/2022\\\/05\\\/allfinanz-tour-5.jpg\",\"width\":1920,\"height\":1080,\"caption\":\"Allfinanz Tour\"},{\"@type\":\"BreadcrumbList\",\"@id\":\"https:\\\/\\\/www.wanderbetrieb.at\\\/wandertagebuch-fuschlseeregion\\\/allfinanz-tour\\\/#breadcrumb\",\"itemListElement\":[{\"@type\":\"ListItem\",\"position\":1,\"name\":\"Startseite\",\"item\":\"https:\\\/\\\/www.wanderbetrieb.at\\\/\"},{\"@type\":\"ListItem\",\"position\":2,\"name\":\"Allfinanz Tour\"}]},{\"@type\":\"WebSite\",\"@id\":\"https:\\\/\\\/www.wanderbetrieb.at\\\/#website\",\"url\":\"https:\\\/\\\/www.wanderbetrieb.at\\\/\",\"name\":\"Wanderbetrieb Fuschlseeregion\",\"description\":\"\",\"publisher\":{\"@id\":\"https:\\\/\\\/www.wanderbetrieb.at\\\/#organization\"},\"potentialAction\":[{\"@type\":\"SearchAction\",\"target\":{\"@type\":\"EntryPoint\",\"urlTemplate\":\"https:\\\/\\\/www.wanderbetrieb.at\\\/?s={search_term_string}\"},\"query-input\":{\"@type\":\"PropertyValueSpecification\",\"valueRequired\":true,\"valueName\":\"search_term_string\"}}],\"inLanguage\":\"it-IT\"},{\"@type\":\"Organization\",\"@id\":\"https:\\\/\\\/www.wanderbetrieb.at\\\/#organization\",\"name\":\"Pension Schierl - Wanderbetrieb in der Fuschlseeregion\",\"url\":\"https:\\\/\\\/www.wanderbetrieb.at\\\/\",\"logo\":{\"@type\":\"ImageObject\",\"inLanguage\":\"it-IT\",\"@id\":\"https:\\\/\\\/www.wanderbetrieb.at\\\/#\\\/schema\\\/logo\\\/image\\\/\",\"url\":\"https:\\\/\\\/www.wanderbetrieb.at\\\/wp-content\\\/uploads\\\/2022\\\/05\\\/wanderbetrieb-premium.png\",\"contentUrl\":\"https:\\\/\\\/www.wanderbetrieb.at\\\/wp-content\\\/uploads\\\/2022\\\/05\\\/wanderbetrieb-premium.png\",\"width\":126,\"height\":136,\"caption\":\"Pension Schierl - Wanderbetrieb in der Fuschlseeregion\"},\"image\":{\"@id\":\"https:\\\/\\\/www.wanderbetrieb.at\\\/#\\\/schema\\\/logo\\\/image\\\/\"}},{\"@type\":\"Person\",\"@id\":\"https:\\\/\\\/www.wanderbetrieb.at\\\/#\\\/schema\\\/person\\\/906dfd69b680acc005986dfe16242e62\",\"name\":\"Wanderbetrieb\",\"sameAs\":[\"https:\\\/\\\/www.wanderbetrieb.at\"]}]}<\/script>\n<!-- \/ Yoast SEO plugin. -->","yoast_head_json":{"title":"Tour Allfinanz - escursione nella regione del Fuschlsee","description":"Mi \u00e8 stato permesso di guidare la squadra dell&#039;Allfinanz di Monaco, con sede a Schloss Fuschl, al Loipersbacher H\u00f6he.","robots":{"index":"index","follow":"follow","max-snippet":"max-snippet:-1","max-image-preview":"max-image-preview:large","max-video-preview":"max-video-preview:-1"},"canonical":"https:\/\/www.wanderbetrieb.at\/it\/diario-escursionistico-regione-del-fuschlsee\/allfinanz-tour\/","og_locale":"it_IT","og_type":"article","og_title":"Allfinanz Tour - Wanderbetrieb Fuschlseeregion","og_description":"Die Mannschaft der M\u00fcnchner Allfinanz, untergebracht im Schloss Fuschl, durfte ich auf die Loipersbacher H\u00f6he f\u00fchren.","og_url":"https:\/\/www.wanderbetrieb.at\/it\/diario-escursionistico-regione-del-fuschlsee\/allfinanz-tour\/","og_site_name":"Wanderbetrieb Fuschlseeregion","article_published_time":"2021-09-24T08:20:22+00:00","article_modified_time":"2022-05-30T10:07:48+00:00","og_image":[{"width":1920,"height":1080,"url":"https:\/\/www.wanderbetrieb.at\/wp-content\/uploads\/2022\/05\/allfinanz-tour-1.jpg","type":"image\/jpeg"}],"author":"Wanderbetrieb","twitter_card":"summary_large_image","twitter_misc":{"Scritto da":"Wanderbetrieb","Tempo di lettura stimato":"3 minuti"},"schema":{"@context":"https:\/\/schema.org","@graph":[{"@type":"Article","@id":"https:\/\/www.wanderbetrieb.at\/wandertagebuch-fuschlseeregion\/allfinanz-tour\/#article","isPartOf":{"@id":"https:\/\/www.wanderbetrieb.at\/wandertagebuch-fuschlseeregion\/allfinanz-tour\/"},"author":{"name":"Wanderbetrieb","@id":"https:\/\/www.wanderbetrieb.at\/#\/schema\/person\/906dfd69b680acc005986dfe16242e62"},"headline":"Allfinanz Tour","datePublished":"2021-09-24T08:20:22+00:00","dateModified":"2022-05-30T10:07:48+00:00","mainEntityOfPage":{"@id":"https:\/\/www.wanderbetrieb.at\/wandertagebuch-fuschlseeregion\/allfinanz-tour\/"},"wordCount":73,"commentCount":0,"publisher":{"@id":"https:\/\/www.wanderbetrieb.at\/#organization"},"image":{"@id":"https:\/\/www.wanderbetrieb.at\/wandertagebuch-fuschlseeregion\/allfinanz-tour\/#primaryimage"},"thumbnailUrl":"https:\/\/www.wanderbetrieb.at\/wp-content\/uploads\/2022\/05\/allfinanz-tour-5.jpg","articleSection":["Wandertagebuch"],"inLanguage":"it-IT","potentialAction":[{"@type":"CommentAction","name":"Comment","target":["https:\/\/www.wanderbetrieb.at\/wandertagebuch-fuschlseeregion\/allfinanz-tour\/#respond"]}]},{"@type":"WebPage","@id":"https:\/\/www.wanderbetrieb.at\/wandertagebuch-fuschlseeregion\/allfinanz-tour\/","url":"https:\/\/www.wanderbetrieb.at\/wandertagebuch-fuschlseeregion\/allfinanz-tour\/","name":"Tour Allfinanz - escursione nella regione del Fuschlsee","isPartOf":{"@id":"https:\/\/www.wanderbetrieb.at\/#website"},"primaryImageOfPage":{"@id":"https:\/\/www.wanderbetrieb.at\/wandertagebuch-fuschlseeregion\/allfinanz-tour\/#primaryimage"},"image":{"@id":"https:\/\/www.wanderbetrieb.at\/wandertagebuch-fuschlseeregion\/allfinanz-tour\/#primaryimage"},"thumbnailUrl":"https:\/\/www.wanderbetrieb.at\/wp-content\/uploads\/2022\/05\/allfinanz-tour-5.jpg","datePublished":"2021-09-24T08:20:22+00:00","dateModified":"2022-05-30T10:07:48+00:00","description":"Mi \u00e8 stato permesso di guidare la squadra dell&#039;Allfinanz di Monaco, con sede a Schloss Fuschl, al Loipersbacher H\u00f6he.","breadcrumb":{"@id":"https:\/\/www.wanderbetrieb.at\/wandertagebuch-fuschlseeregion\/allfinanz-tour\/#breadcrumb"},"inLanguage":"it-IT","potentialAction":[{"@type":"ReadAction","target":["https:\/\/www.wanderbetrieb.at\/wandertagebuch-fuschlseeregion\/allfinanz-tour\/"]}]},{"@type":"ImageObject","inLanguage":"it-IT","@id":"https:\/\/www.wanderbetrieb.at\/wandertagebuch-fuschlseeregion\/allfinanz-tour\/#primaryimage","url":"https:\/\/www.wanderbetrieb.at\/wp-content\/uploads\/2022\/05\/allfinanz-tour-5.jpg","contentUrl":"https:\/\/www.wanderbetrieb.at\/wp-content\/uploads\/2022\/05\/allfinanz-tour-5.jpg","width":1920,"height":1080,"caption":"Allfinanz Tour"},{"@type":"BreadcrumbList","@id":"https:\/\/www.wanderbetrieb.at\/wandertagebuch-fuschlseeregion\/allfinanz-tour\/#breadcrumb","itemListElement":[{"@type":"ListItem","position":1,"name":"Startseite","item":"https:\/\/www.wanderbetrieb.at\/"},{"@type":"ListItem","position":2,"name":"Allfinanz Tour"}]},{"@type":"WebSite","@id":"https:\/\/www.wanderbetrieb.at\/#website","url":"https:\/\/www.wanderbetrieb.at\/","name":"Azienda escursionistica regione Fuschlsee","description":"","publisher":{"@id":"https:\/\/www.wanderbetrieb.at\/#organization"},"potentialAction":[{"@type":"SearchAction","target":{"@type":"EntryPoint","urlTemplate":"https:\/\/www.wanderbetrieb.at\/?s={search_term_string}"},"query-input":{"@type":"PropertyValueSpecification","valueRequired":true,"valueName":"search_term_string"}}],"inLanguage":"it-IT"},{"@type":"Organization","@id":"https:\/\/www.wanderbetrieb.at\/#organization","name":"Pension Schierl - operazione escursionistica nella regione del Fuschlsee","url":"https:\/\/www.wanderbetrieb.at\/","logo":{"@type":"ImageObject","inLanguage":"it-IT","@id":"https:\/\/www.wanderbetrieb.at\/#\/schema\/logo\/image\/","url":"https:\/\/www.wanderbetrieb.at\/wp-content\/uploads\/2022\/05\/wanderbetrieb-premium.png","contentUrl":"https:\/\/www.wanderbetrieb.at\/wp-content\/uploads\/2022\/05\/wanderbetrieb-premium.png","width":126,"height":136,"caption":"Pension Schierl - Wanderbetrieb in der Fuschlseeregion"},"image":{"@id":"https:\/\/www.wanderbetrieb.at\/#\/schema\/logo\/image\/"}},{"@type":"Person","@id":"https:\/\/www.wanderbetrieb.at\/#\/schema\/person\/906dfd69b680acc005986dfe16242e62","name":"Operazione escursionistica","sameAs":["https:\/\/www.wanderbetrieb.at"]}]}},"_links":{"self":[{"href":"https:\/\/www.wanderbetrieb.at\/it\/wp-json\/wp\/v2\/posts\/622","targetHints":{"allow":["GET"]}}],"collection":[{"href":"https:\/\/www.wanderbetrieb.at\/it\/wp-json\/wp\/v2\/posts"}],"about":[{"href":"https:\/\/www.wanderbetrieb.at\/it\/wp-json\/wp\/v2\/types\/post"}],"author":[{"embeddable":true,"href":"https:\/\/www.wanderbetrieb.at\/it\/wp-json\/wp\/v2\/users\/1"}],"replies":[{"embeddable":true,"href":"https:\/\/www.wanderbetrieb.at\/it\/wp-json\/wp\/v2\/comments?post=622"}],"version-history":[{"count":32,"href":"https:\/\/www.wanderbetrieb.at\/it\/wp-json\/wp\/v2\/posts\/622\/revisions"}],"predecessor-version":[{"id":1996,"href":"https:\/\/www.wanderbetrieb.at\/it\/wp-json\/wp\/v2\/posts\/622\/revisions\/1996"}],"wp:featuredmedia":[{"embeddable":true,"href":"https:\/\/www.wanderbetrieb.at\/it\/wp-json\/wp\/v2\/media\/637"}],"wp:attachment":[{"href":"https:\/\/www.wanderbetrieb.at\/it\/wp-json\/wp\/v2\/media?parent=622"}],"wp:term":[{"taxonomy":"category","embeddable":true,"href":"https:\/\/www.wanderbetrieb.at\/it\/wp-json\/wp\/v2\/categories?post=622"},{"taxonomy":"post_tag","embeddable":true,"href":"https:\/\/www.wanderbetrieb.at\/it\/wp-json\/wp\/v2\/tags?post=622"}],"curies":[{"name":"wp","href":"https:\/\/api.w.org\/{rel}","templated":true}]}}